{
    "id": 9360,
    "date": "2026-03-30T15:14:08",
    "date_gmt": "2026-03-30T18:14:08",
    "guid": {
        "rendered": "https:\/\/yaraecosafari.com\/?p=9360"
    },
    "modified": "2026-03-30T15:14:11",
    "modified_gmt": "2026-03-30T18:14:11",
    "slug": "temppantanal-vs-amazonia",
    "status": "publish",
    "type": "post",
    "link": "https:\/\/yaraecosafari.com\/pt\/temppantanal-vs-amazonia\/",
    "title": {
        "rendered": "Temperatura: As diferen\u00e7as entre o Pantanal e a Amaz\u00f4nia"
    },
    "content": {
        "rendered": "<p>A <strong>temperatura<\/strong> \u00e9 um dos componentes que mais definem a experi\u00eancia de quem viaja pelo Brasil selvagem. Embora ambos os biomas sejam tropicais, a <strong>temperatura<\/strong> no Pantanal Sul apresenta comportamentos t\u00e9rmicos distintos da <strong>Amazonia<\/strong> brasileira. Na Yara Eco Safari, acreditamos que entender o clima \u00e9 essencial para que o viajante aproveite cada momento da sua expedi\u00e7\u00e3o com conforto e seguran\u00e7a.<\/p>\n\n\n\n<p>Na <strong>Amazonia<\/strong>, a <strong>temperatura<\/strong> \u00e9 marcada por uma estabilidade \u00famida; o calor \u00e9 constante e a sensa\u00e7\u00e3o t\u00e9rmica \u00e9 acentuada pela evapotranspira\u00e7\u00e3o da floresta. J\u00e1 no Pantanal, a <strong>temperatura<\/strong> \u00e9 caracterizada pela amplitude t\u00e9rmica. Isso significa que, enquanto os dias podem ser quentes, as noites no<a href=\"https:\/\/yaraecosafari.com\/pt\/\"> safari no Pantanal<\/a> tendem a ser muito mais frescas, especialmente entre os meses de maio e agosto.<\/p>\n\n\n\n<hr class=\"wp-block-separator has-alpha-channel-opacity\"\/>\n\n\n\n<h2 class=\"wp-block-heading\"><strong>O Fen\u00f4meno da Friagem no Pantanal<\/strong><\/h2>\n\n\n\n<figure class=\"wp-block-image aligncenter size-full is-resized\"><img fetchpriority=\"high\" decoding=\"async\" width=\"740\" height=\"554\" src=\"https:\/\/yaraecosafari.com\/wp-content\/uploads\/2025\/08\/barco-a-motor-no-lago-cercado-por-belas-arvores-verdes-sob-um-ceu-nublado_181624-19266.avif\" alt=\"Vista a\u00e9rea de um barco a motor navegando rapidamente por um rio sinuoso ladeado por densa mata verde (floresta tropical ou mata ciliar) sob um c\u00e9u azul e nublado.\" class=\"wp-image-7740\" style=\"width:539px;height:auto\" srcset=\"https:\/\/yaraecosafari.com\/wp-content\/uploads\/2025\/08\/barco-a-motor-no-lago-cercado-por-belas-arvores-verdes-sob-um-ceu-nublado_181624-19266.avif 740w, https:\/\/yaraecosafari.com\/wp-content\/uploads\/2025\/08\/barco-a-motor-no-lago-cercado-por-belas-arvores-verdes-sob-um-ceu-nublado_181624-19266-300x225.avif 300w, https:\/\/yaraecosafari.com\/wp-content\/uploads\/2025\/08\/barco-a-motor-no-lago-cercado-por-belas-arvores-verdes-sob-um-ceu-nublado_181624-19266-16x12.avif 16w\" sizes=\"(max-width: 740px) 100vw, 740px\" \/><figcaption class=\"wp-element-caption\"><sup><sub>O caminho para a aventura: navegando pelas \u00e1guas escuras e misteriosas de rios cercados por mata nativa.<\/sub><\/sup><\/figcaption><\/figure>\n\n\n\n<p>Diferente da <strong>Amaz\u00f4nia<\/strong>, o Pantanal Sul recebe frentes frias vindas do sul do continente com mais intensidade. Esse fen\u00f4meno pode fazer a <strong>temperatura<\/strong> cair drasticamente em poucas horas, algo que raramente atinge o cora\u00e7\u00e3o da floresta amaz\u00f4nica com a mesma for\u00e7a. Dados do <a href=\"https:\/\/portal.inmet.gov.br\/\">INMET<\/a> mostram que essas quedas de <strong>temperatura<\/strong> s\u00e3o fundamentais para o equil\u00edbrio do ecossistema pantaneiro, influenciando o comportamento de animais como a on\u00e7a-pintada.<\/p>\n\n\n\n<hr class=\"wp-block-separator has-alpha-channel-opacity\"\/>\n\n\n\n<h2 class=\"wp-block-heading\"><strong>Conforto T\u00e9rmico e Visibilidade<\/strong><\/h2>\n\n\n\n<p>A percep\u00e7\u00e3o da <strong>temperatura<\/strong> tamb\u00e9m muda conforme a vegeta\u00e7\u00e3o. Na <strong>Amaz\u00f4nia<\/strong>, a mata fechada ret\u00e9m o calor. No Pantanal, as \u00e1reas mais abertas permitem uma brisa constante, tornando a <strong>temperatura<\/strong> ambiente mais agrad\u00e1vel para a observa\u00e7\u00e3o de aves e grandes mam\u00edferos. Institui\u00e7\u00f5es como o <a href=\"https:\/\/ipam.org.br\/\">IPAM<\/a> destacam como esses microclimas definem a biodiversidade de cada regi\u00e3o.<\/p>\n\n\n\n<hr class=\"wp-block-separator has-alpha-channel-opacity\"\/>\n\n\n\n<h2 class=\"wp-block-heading\"><strong>Planeje sua Viagem com a Yara Eco Safari<\/strong><\/h2>\n\n\n\n<p>Se voc\u00ea prefere um clima onde as noites s\u00e3o refrescantes e o ar \u00e9 mais aberto, o Pantanal Sul \u00e9 o seu destino ideal. A <a href=\"https:\/\/yaraecosafari.com\/pt\/\">Yara Eco Safari<\/a> oferece roteiros preparados para todas as varia\u00e7\u00f5es de <strong>temperatura<\/strong>, garantindo que voc\u00ea esteja sempre equipado, seja para o sol radiante ou para o frescor das madrugadas pantaneiras.<\/p>\n\n\n\n<p>A <strong>temperatura<\/strong> da nossa terra \u00e9 um convite \u00e0 descoberta. Venha sentir o clima do Pantanal e se encantar com a vida que pulsa em cada grau.<\/p>\n\n\n\n<hr class=\"wp-block-separator has-alpha-channel-opacity\"\/>\n\n\n\n<h2 class=\"wp-block-heading\"><strong>Como visitar o pantanal?<\/strong><\/h2>\n\n\n\n<p>A Yara eco-safari possui tours dedicados a explorar a fauna e flora do pantanal, e claro que a on\u00e7a pintada \u00e9 uma das estrelas do safari<\/p>\n\n\n\n<p>Nossa equipe combina o conhecimento profundo dos h\u00e1bitos do felino com a log\u00edstica de um eco safari de alto padr\u00e3o. Garantimos que a observa\u00e7\u00e3o seja \u00e9tica e eficaz, sem perturbar a vida selvagem. Do planejamento das melhores rotas fluviais \u00e0 tranquilidade do seu descanso com o melhor conforto e seguran\u00e7a.<\/p>\n\n\n\n<p>A Yara possui pacotes espec\u00edficos para o avistamentos de on\u00e7as, abaixo 3 op\u00e7\u00f5es:<\/p>\n\n\n\n<p><a href=\"https:\/\/yaraecosafari.com\/pt\/jaguar-express-safari\/\">Jaguar express safari<\/a> &#8211; 4 dias de passeio<br><a href=\"https:\/\/yaraecosafari.com\/pt\/jaguar-essential-safari\/\">Jaguar essential safari<\/a> &#8211; 5 dias de passeio<\/p>\n\n\n\n<p><a href=\"https:\/\/yaraecosafari.com\/pt\/jaguar-immersive-safari\/\">Jaguar immersive safari<\/a> &#8211; 6 dias de passeio<\/p>\n\n\n\n<p>Reserve sua experi\u00eancia.<\/p>",
        "protected": false
    },
    "excerpt": {
        "rendered": "<p>A temperatura \u00e9 um dos componentes que mais definem a experi\u00eancia de quem viaja pelo Brasil selvagem. Embora ambos os biomas sejam tropicais, a temperatura no Pantanal Sul apresenta comportamentos t\u00e9rmicos distintos da Amazonia brasileira. Na Yara Eco Safari, acreditamos que entender o clima \u00e9 essencial para que o viajante aproveite cada momento da sua [&hellip;]<\/p>",
        "protected": false
    },
    "author": 6,
    "featured_media": 9810,
    "comment_status": "open",
    "ping_status": "open",
    "sticky": false,
    "template": "",
    "format": "standard",
    "meta": {
        "_acf_changed": false,
        "footnotes": ""
    },
    "categories": [
        1,
        19
    ],
    "tags": [
        162,
        166,
        20,
        167
    ],
    "class_list": [
        "post-9360",
        "post",
        "type-post",
        "status-publish",
        "format-standard",
        "has-post-thumbnail",
        "hentry",
        "category-blog-pt",
        "category-fauna-e-flora",
        "tag-amazonia",
        "tag-clima",
        "tag-pantanal",
        "tag-temperatura"
    ],
    "acf": [],
    "yoast_head": "<!-- This site is optimized with the Yoast SEO plugin v27.1.1 - https:\/\/yoast.com\/product\/yoast-seo-wordpress\/ -->\n<title>Temperatura: As diferen\u00e7as entre o Pantanal e a Amaz\u00f4nia - Yara Ecosafari Pantanal<\/title>\n<meta name=\"description\" content=\"Compare a temperatura do Pantanal com a da Amazonia brasileira. Saiba qual clima esperar no seu safari com a Yara.\" \/>\n<meta name=\"robots\" content=\"index, follow, max-snippet:-1, max-image-preview:large, max-video-preview:-1\" \/>\n<link rel=\"canonical\" href=\"https:\/\/yaraecosafari.com\/pt\/temppantanal-vs-amazonia\/\" \/>\n<meta property=\"og:locale\" content=\"pt_BR\" \/>\n<meta property=\"og:type\" content=\"article\" \/>\n<meta property=\"og:title\" content=\"Temperatura: As diferen\u00e7as entre o Pantanal e a Amaz\u00f4nia - Yara Ecosafari Pantanal\" \/>\n<meta property=\"og:description\" content=\"Compare a temperatura do Pantanal com a da Amazonia brasileira. Saiba qual clima esperar no seu safari com a Yara.\" \/>\n<meta property=\"og:url\" content=\"https:\/\/yaraecosafari.com\/pt\/temppantanal-vs-amazonia\/\" \/>\n<meta property=\"og:site_name\" content=\"Yara Ecosafari Pantanal\" \/>\n<meta property=\"article:published_time\" content=\"2026-03-30T18:14:08+00:00\" \/>\n<meta property=\"article:modified_time\" content=\"2026-03-30T18:14:11+00:00\" \/>\n<meta property=\"og:image\" content=\"https:\/\/yaraecosafari.com\/wp-content\/uploads\/2026\/03\/imagem_2026-03-30_143237495.png\" \/>\n\t<meta property=\"og:image:width\" content=\"626\" \/>\n\t<meta property=\"og:image:height\" content=\"343\" \/>\n\t<meta property=\"og:image:type\" content=\"image\/png\" \/>\n<meta name=\"author\" content=\"admin-Wilson\" \/>\n<meta name=\"twitter:card\" content=\"summary_large_image\" \/>\n<meta name=\"twitter:label1\" content=\"Escrito por\" \/>\n\t<meta name=\"twitter:data1\" content=\"admin-Wilson\" \/>\n\t<meta name=\"twitter:label2\" content=\"Est. tempo de leitura\" \/>\n\t<meta name=\"twitter:data2\" content=\"4 minutos\" \/>\n<script type=\"application\/ld+json\" class=\"yoast-schema-graph\">{\"@context\":\"https:\/\/schema.org\",\"@graph\":[{\"@type\":\"Article\",\"@id\":\"https:\/\/yaraecosafari.com\/temppantanal-vs-amazonia\/#article\",\"isPartOf\":{\"@id\":\"https:\/\/yaraecosafari.com\/temppantanal-vs-amazonia\/\"},\"author\":{\"name\":\"admin-Wilson\",\"@id\":\"https:\/\/yaraecosafari.com\/en\/#\/schema\/person\/6d9e706b08dff36f70dcdc7454597c12\"},\"headline\":\"Temperatura: As diferen\u00e7as entre o Pantanal e a Amaz\u00f4nia\",\"datePublished\":\"2026-03-30T18:14:08+00:00\",\"dateModified\":\"2026-03-30T18:14:11+00:00\",\"mainEntityOfPage\":{\"@id\":\"https:\/\/yaraecosafari.com\/temppantanal-vs-amazonia\/\"},\"wordCount\":516,\"commentCount\":0,\"publisher\":{\"@id\":\"https:\/\/yaraecosafari.com\/en\/#organization\"},\"image\":{\"@id\":\"https:\/\/yaraecosafari.com\/temppantanal-vs-amazonia\/#primaryimage\"},\"thumbnailUrl\":\"https:\/\/yaraecosafari.com\/wp-content\/uploads\/2026\/03\/imagem_2026-03-30_143237495.png\",\"keywords\":[\"Amazonia\",\"Clima\",\"Pantanal\",\"Temperatura\"],\"articleSection\":[\"Blog\",\"Fauna e Flora\"],\"inLanguage\":\"pt-BR\",\"potentialAction\":[{\"@type\":\"CommentAction\",\"name\":\"Comment\",\"target\":[\"https:\/\/yaraecosafari.com\/temppantanal-vs-amazonia\/#respond\"]}]},{\"@type\":\"WebPage\",\"@id\":\"https:\/\/yaraecosafari.com\/temppantanal-vs-amazonia\/\",\"url\":\"https:\/\/yaraecosafari.com\/temppantanal-vs-amazonia\/\",\"name\":\"Temperatura: As diferen\u00e7as entre o Pantanal e a Amaz\u00f4nia - Yara Ecosafari Pantanal\",\"isPartOf\":{\"@id\":\"https:\/\/yaraecosafari.com\/en\/#website\"},\"primaryImageOfPage\":{\"@id\":\"https:\/\/yaraecosafari.com\/temppantanal-vs-amazonia\/#primaryimage\"},\"image\":{\"@id\":\"https:\/\/yaraecosafari.com\/temppantanal-vs-amazonia\/#primaryimage\"},\"thumbnailUrl\":\"https:\/\/yaraecosafari.com\/wp-content\/uploads\/2026\/03\/imagem_2026-03-30_143237495.png\",\"datePublished\":\"2026-03-30T18:14:08+00:00\",\"dateModified\":\"2026-03-30T18:14:11+00:00\",\"description\":\"Compare a temperatura do Pantanal com a da Amazonia brasileira. Saiba qual clima esperar no seu safari com a Yara.\",\"breadcrumb\":{\"@id\":\"https:\/\/yaraecosafari.com\/temppantanal-vs-amazonia\/#breadcrumb\"},\"inLanguage\":\"pt-BR\",\"potentialAction\":[{\"@type\":\"ReadAction\",\"target\":[\"https:\/\/yaraecosafari.com\/temppantanal-vs-amazonia\/\"]}]},{\"@type\":\"ImageObject\",\"inLanguage\":\"pt-BR\",\"@id\":\"https:\/\/yaraecosafari.com\/temppantanal-vs-amazonia\/#primaryimage\",\"url\":\"https:\/\/yaraecosafari.com\/wp-content\/uploads\/2026\/03\/imagem_2026-03-30_143237495.png\",\"contentUrl\":\"https:\/\/yaraecosafari.com\/wp-content\/uploads\/2026\/03\/imagem_2026-03-30_143237495.png\",\"width\":626,\"height\":343,\"caption\":\"Rio Amazonas ao amanhecer com n\u00e9voa leve sobre a \u00e1gua e floresta tropical densa nas margens\"},{\"@type\":\"BreadcrumbList\",\"@id\":\"https:\/\/yaraecosafari.com\/temppantanal-vs-amazonia\/#breadcrumb\",\"itemListElement\":[{\"@type\":\"ListItem\",\"position\":1,\"name\":\"Home\",\"item\":\"https:\/\/yaraecosafari.com\/en\/\"},{\"@type\":\"ListItem\",\"position\":2,\"name\":\"Temperatura: As diferen\u00e7as entre o Pantanal e a Amaz\u00f4nia\"}]},{\"@type\":\"WebSite\",\"@id\":\"https:\/\/yaraecosafari.com\/en\/#website\",\"url\":\"https:\/\/yaraecosafari.com\/en\/\",\"name\":\"Yara Ecosafari Pantanal\",\"description\":\"\",\"publisher\":{\"@id\":\"https:\/\/yaraecosafari.com\/en\/#organization\"},\"potentialAction\":[{\"@type\":\"SearchAction\",\"target\":{\"@type\":\"EntryPoint\",\"urlTemplate\":\"https:\/\/yaraecosafari.com\/en\/?s={search_term_string}\"},\"query-input\":{\"@type\":\"PropertyValueSpecification\",\"valueRequired\":true,\"valueName\":\"search_term_string\"}}],\"inLanguage\":\"pt-BR\"},{\"@type\":\"Organization\",\"@id\":\"https:\/\/yaraecosafari.com\/en\/#organization\",\"name\":\"Yara Ecosafari Pantanal\",\"url\":\"https:\/\/yaraecosafari.com\/en\/\",\"logo\":{\"@type\":\"ImageObject\",\"inLanguage\":\"pt-BR\",\"@id\":\"https:\/\/yaraecosafari.com\/en\/#\/schema\/logo\/image\/\",\"url\":\"https:\/\/yaraecosafari.com\/wp-content\/uploads\/2024\/12\/logo.webp\",\"contentUrl\":\"https:\/\/yaraecosafari.com\/wp-content\/uploads\/2024\/12\/logo.webp\",\"width\":512,\"height\":172,\"caption\":\"Yara Ecosafari Pantanal\"},\"image\":{\"@id\":\"https:\/\/yaraecosafari.com\/en\/#\/schema\/logo\/image\/\"}},{\"@type\":\"Person\",\"@id\":\"https:\/\/yaraecosafari.com\/en\/#\/schema\/person\/6d9e706b08dff36f70dcdc7454597c12\",\"name\":\"admin-Wilson\",\"image\":{\"@type\":\"ImageObject\",\"inLanguage\":\"pt-BR\",\"@id\":\"https:\/\/yaraecosafari.com\/en\/#\/schema\/person\/image\/\",\"url\":\"https:\/\/secure.gravatar.com\/avatar\/a88bb0027ba54cd13295ed7f81144f9166e5df01cff694d23e96936d53a2207b?s=96&d=mm&r=g\",\"contentUrl\":\"https:\/\/secure.gravatar.com\/avatar\/a88bb0027ba54cd13295ed7f81144f9166e5df01cff694d23e96936d53a2207b?s=96&d=mm&r=g\",\"caption\":\"admin-Wilson\"},\"url\":\"https:\/\/yaraecosafari.com\/pt\/author\/wilson\/\"}]}<\/script>\n<!-- \/ Yoast SEO plugin. -->",
    "yoast_head_json": {
        "title": "Temperatura: As diferen\u00e7as entre o Pantanal e a Amaz\u00f4nia - Yara Ecosafari Pantanal",
        "description": "Compare a temperatura do Pantanal com a da Amazonia brasileira. Saiba qual clima esperar no seu safari com a Yara.",
        "robots": {
            "index": "index",
            "follow": "follow",
            "max-snippet": "max-snippet:-1",
            "max-image-preview": "max-image-preview:large",
            "max-video-preview": "max-video-preview:-1"
        },
        "canonical": "https:\/\/yaraecosafari.com\/pt\/temppantanal-vs-amazonia\/",
        "og_locale": "pt_BR",
        "og_type": "article",
        "og_title": "Temperatura: As diferen\u00e7as entre o Pantanal e a Amaz\u00f4nia - Yara Ecosafari Pantanal",
        "og_description": "Compare a temperatura do Pantanal com a da Amazonia brasileira. Saiba qual clima esperar no seu safari com a Yara.",
        "og_url": "https:\/\/yaraecosafari.com\/pt\/temppantanal-vs-amazonia\/",
        "og_site_name": "Yara Ecosafari Pantanal",
        "article_published_time": "2026-03-30T18:14:08+00:00",
        "article_modified_time": "2026-03-30T18:14:11+00:00",
        "og_image": [
            {
                "width": 626,
                "height": 343,
                "url": "https:\/\/yaraecosafari.com\/wp-content\/uploads\/2026\/03\/imagem_2026-03-30_143237495.png",
                "type": "image\/png"
            }
        ],
        "author": "admin-Wilson",
        "twitter_card": "summary_large_image",
        "twitter_misc": {
            "Escrito por": "admin-Wilson",
            "Est. tempo de leitura": "4 minutos"
        },
        "schema": {
            "@context": "https:\/\/schema.org",
            "@graph": [
                {
                    "@type": "Article",
                    "@id": "https:\/\/yaraecosafari.com\/temppantanal-vs-amazonia\/#article",
                    "isPartOf": {
                        "@id": "https:\/\/yaraecosafari.com\/temppantanal-vs-amazonia\/"
                    },
                    "author": {
                        "name": "admin-Wilson",
                        "@id": "https:\/\/yaraecosafari.com\/en\/#\/schema\/person\/6d9e706b08dff36f70dcdc7454597c12"
                    },
                    "headline": "Temperatura: As diferen\u00e7as entre o Pantanal e a Amaz\u00f4nia",
                    "datePublished": "2026-03-30T18:14:08+00:00",
                    "dateModified": "2026-03-30T18:14:11+00:00",
                    "mainEntityOfPage": {
                        "@id": "https:\/\/yaraecosafari.com\/temppantanal-vs-amazonia\/"
                    },
                    "wordCount": 516,
                    "commentCount": 0,
                    "publisher": {
                        "@id": "https:\/\/yaraecosafari.com\/en\/#organization"
                    },
                    "image": {
                        "@id": "https:\/\/yaraecosafari.com\/temppantanal-vs-amazonia\/#primaryimage"
                    },
                    "thumbnailUrl": "https:\/\/yaraecosafari.com\/wp-content\/uploads\/2026\/03\/imagem_2026-03-30_143237495.png",
                    "keywords": [
                        "Amazonia",
                        "Clima",
                        "Pantanal",
                        "Temperatura"
                    ],
                    "articleSection": [
                        "Blog",
                        "Fauna e Flora"
                    ],
                    "inLanguage": "pt-BR",
                    "potentialAction": [
                        {
                            "@type": "CommentAction",
                            "name": "Comment",
                            "target": [
                                "https:\/\/yaraecosafari.com\/temppantanal-vs-amazonia\/#respond"
                            ]
                        }
                    ]
                },
                {
                    "@type": "WebPage",
                    "@id": "https:\/\/yaraecosafari.com\/temppantanal-vs-amazonia\/",
                    "url": "https:\/\/yaraecosafari.com\/temppantanal-vs-amazonia\/",
                    "name": "Temperatura: As diferen\u00e7as entre o Pantanal e a Amaz\u00f4nia - Yara Ecosafari Pantanal",
                    "isPartOf": {
                        "@id": "https:\/\/yaraecosafari.com\/en\/#website"
                    },
                    "primaryImageOfPage": {
                        "@id": "https:\/\/yaraecosafari.com\/temppantanal-vs-amazonia\/#primaryimage"
                    },
                    "image": {
                        "@id": "https:\/\/yaraecosafari.com\/temppantanal-vs-amazonia\/#primaryimage"
                    },
                    "thumbnailUrl": "https:\/\/yaraecosafari.com\/wp-content\/uploads\/2026\/03\/imagem_2026-03-30_143237495.png",
                    "datePublished": "2026-03-30T18:14:08+00:00",
                    "dateModified": "2026-03-30T18:14:11+00:00",
                    "description": "Compare a temperatura do Pantanal com a da Amazonia brasileira. Saiba qual clima esperar no seu safari com a Yara.",
                    "breadcrumb": {
                        "@id": "https:\/\/yaraecosafari.com\/temppantanal-vs-amazonia\/#breadcrumb"
                    },
                    "inLanguage": "pt-BR",
                    "potentialAction": [
                        {
                            "@type": "ReadAction",
                            "target": [
                                "https:\/\/yaraecosafari.com\/temppantanal-vs-amazonia\/"
                            ]
                        }
                    ]
                },
                {
                    "@type": "ImageObject",
                    "inLanguage": "pt-BR",
                    "@id": "https:\/\/yaraecosafari.com\/temppantanal-vs-amazonia\/#primaryimage",
                    "url": "https:\/\/yaraecosafari.com\/wp-content\/uploads\/2026\/03\/imagem_2026-03-30_143237495.png",
                    "contentUrl": "https:\/\/yaraecosafari.com\/wp-content\/uploads\/2026\/03\/imagem_2026-03-30_143237495.png",
                    "width": 626,
                    "height": 343,
                    "caption": "Rio Amazonas ao amanhecer com n\u00e9voa leve sobre a \u00e1gua e floresta tropical densa nas margens"
                },
                {
                    "@type": "BreadcrumbList",
                    "@id": "https:\/\/yaraecosafari.com\/temppantanal-vs-amazonia\/#breadcrumb",
                    "itemListElement": [
                        {
                            "@type": "ListItem",
                            "position": 1,
                            "name": "Home",
                            "item": "https:\/\/yaraecosafari.com\/en\/"
                        },
                        {
                            "@type": "ListItem",
                            "position": 2,
                            "name": "Temperatura: As diferen\u00e7as entre o Pantanal e a Amaz\u00f4nia"
                        }
                    ]
                },
                {
                    "@type": "WebSite",
                    "@id": "https:\/\/yaraecosafari.com\/en\/#website",
                    "url": "https:\/\/yaraecosafari.com\/en\/",
                    "name": "Yara Ecosafari Pantanal",
                    "description": "",
                    "publisher": {
                        "@id": "https:\/\/yaraecosafari.com\/en\/#organization"
                    },
                    "potentialAction": [
                        {
                            "@type": "SearchAction",
                            "target": {
                                "@type": "EntryPoint",
                                "urlTemplate": "https:\/\/yaraecosafari.com\/en\/?s={search_term_string}"
                            },
                            "query-input": {
                                "@type": "PropertyValueSpecification",
                                "valueRequired": true,
                                "valueName": "search_term_string"
                            }
                        }
                    ],
                    "inLanguage": "pt-BR"
                },
                {
                    "@type": "Organization",
                    "@id": "https:\/\/yaraecosafari.com\/en\/#organization",
                    "name": "Yara Ecosafari Pantanal",
                    "url": "https:\/\/yaraecosafari.com\/en\/",
                    "logo": {
                        "@type": "ImageObject",
                        "inLanguage": "pt-BR",
                        "@id": "https:\/\/yaraecosafari.com\/en\/#\/schema\/logo\/image\/",
                        "url": "https:\/\/yaraecosafari.com\/wp-content\/uploads\/2024\/12\/logo.webp",
                        "contentUrl": "https:\/\/yaraecosafari.com\/wp-content\/uploads\/2024\/12\/logo.webp",
                        "width": 512,
                        "height": 172,
                        "caption": "Yara Ecosafari Pantanal"
                    },
                    "image": {
                        "@id": "https:\/\/yaraecosafari.com\/en\/#\/schema\/logo\/image\/"
                    }
                },
                {
                    "@type": "Person",
                    "@id": "https:\/\/yaraecosafari.com\/en\/#\/schema\/person\/6d9e706b08dff36f70dcdc7454597c12",
                    "name": "admin-Wilson",
                    "image": {
                        "@type": "ImageObject",
                        "inLanguage": "pt-BR",
                        "@id": "https:\/\/yaraecosafari.com\/en\/#\/schema\/person\/image\/",
                        "url": "https:\/\/secure.gravatar.com\/avatar\/a88bb0027ba54cd13295ed7f81144f9166e5df01cff694d23e96936d53a2207b?s=96&d=mm&r=g",
                        "contentUrl": "https:\/\/secure.gravatar.com\/avatar\/a88bb0027ba54cd13295ed7f81144f9166e5df01cff694d23e96936d53a2207b?s=96&d=mm&r=g",
                        "caption": "admin-Wilson"
                    },
                    "url": "https:\/\/yaraecosafari.com\/pt\/author\/wilson\/"
                }
            ]
        }
    },
    "_links": {
        "self": [
            {
                "href": "https:\/\/yaraecosafari.com\/pt\/wp-json\/wp\/v2\/posts\/9360",
                "targetHints": {
                    "allow": [
                        "GET"
                    ]
                }
            }
        ],
        "collection": [
            {
                "href": "https:\/\/yaraecosafari.com\/pt\/wp-json\/wp\/v2\/posts"
            }
        ],
        "about": [
            {
                "href": "https:\/\/yaraecosafari.com\/pt\/wp-json\/wp\/v2\/types\/post"
            }
        ],
        "author": [
            {
                "embeddable": true,
                "href": "https:\/\/yaraecosafari.com\/pt\/wp-json\/wp\/v2\/users\/6"
            }
        ],
        "replies": [
            {
                "embeddable": true,
                "href": "https:\/\/yaraecosafari.com\/pt\/wp-json\/wp\/v2\/comments?post=9360"
            }
        ],
        "version-history": [
            {
                "count": 0,
                "href": "https:\/\/yaraecosafari.com\/pt\/wp-json\/wp\/v2\/posts\/9360\/revisions"
            }
        ],
        "wp:featuredmedia": [
            {
                "embeddable": true,
                "href": "https:\/\/yaraecosafari.com\/pt\/wp-json\/wp\/v2\/media\/9810"
            }
        ],
        "wp:attachment": [
            {
                "href": "https:\/\/yaraecosafari.com\/pt\/wp-json\/wp\/v2\/media?parent=9360"
            }
        ],
        "wp:term": [
            {
                "taxonomy": "category",
                "embeddable": true,
                "href": "https:\/\/yaraecosafari.com\/pt\/wp-json\/wp\/v2\/categories?post=9360"
            },
            {
                "taxonomy": "post_tag",
                "embeddable": true,
                "href": "https:\/\/yaraecosafari.com\/pt\/wp-json\/wp\/v2\/tags?post=9360"
            }
        ],
        "curies": [
            {
                "name": "wp",
                "href": "https:\/\/api.w.org\/{rel}",
                "templated": true
            }
        ]
    }
}