{
    "id": 9356,
    "date": "2026-03-30T15:33:12",
    "date_gmt": "2026-03-30T18:33:12",
    "guid": {
        "rendered": "https:\/\/yaraecosafari.com\/?p=9356"
    },
    "modified": "2026-03-30T15:33:14",
    "modified_gmt": "2026-03-30T18:33:14",
    "slug": "ferias-laborais-pantanal-bem-estar",
    "status": "publish",
    "type": "post",
    "link": "https:\/\/yaraecosafari.com\/pt\/ferias-laborais-pantanal-bem-estar\/",
    "title": {
        "rendered": "F\u00e9rias laborais: Por que o Pantanal \u00e9 o destino ideal?\u00a0"
    },
    "content": {
        "rendered": "<p>As <strong>f\u00e9rias laborais<\/strong> s\u00e3o muito mais do que um direito garantido por lei; elas s\u00e3o uma necessidade vital para a manuten\u00e7\u00e3o da nossa sa\u00fade mental e criatividade. No ritmo acelerado do mundo corporativo, o verdadeiro desafio n\u00e3o \u00e9 apenas parar de trabalhar, mas conseguir se desconectar de fato das press\u00f5es urbanas. \u00c9 nesse cen\u00e1rio que o <strong>Pantanal<\/strong> surge como o santu\u00e1rio perfeito para quem busca um descanso profundo e regenerador.<\/p>\n\n\n\n<p>Diferente de destinos tur\u00edsticos agitados, o <strong>Pantanal<\/strong> oferece um tempo regido pela natureza. Aqui, o despertador \u00e9 substitu\u00eddo pelo canto das aves e os prazos d\u00e3o lugar \u00e0 contempla\u00e7\u00e3o do p\u00f4r do sol. Para quem planeja suas <strong>f\u00e9rias laborais<\/strong>, escolher um roteiro de imers\u00e3o \u00e9 a garantia de retornar \u00e0 rotina com uma perspectiva totalmente renovada.<\/p>\n\n\n\n<hr class=\"wp-block-separator has-alpha-channel-opacity\"\/>\n\n\n\n<h2 class=\"wp-block-heading\"><strong>O Detox Digital no Pantanal<\/strong><\/h2>\n\n\n\n<figure class=\"wp-block-image aligncenter size-full is-resized\"><img fetchpriority=\"high\" decoding=\"async\" width=\"694\" height=\"520\" src=\"https:\/\/yaraecosafari.com\/wp-content\/uploads\/2025\/10\/barco-02-alta-1.jpg.694x520_default-1.jpg\" alt=\"Grupo de turistas (usando coletes salva-vidas) em um barco navegando por um campo alagado no Pantanal, com \u00e1gua coberta por plantas aqu\u00e1ticas sob um c\u00e9u com nuvens dram\u00e1ticas.\" class=\"wp-image-8839\" style=\"aspect-ratio:1.3346469622331691;width:536px;height:auto\" srcset=\"https:\/\/yaraecosafari.com\/wp-content\/uploads\/2025\/10\/barco-02-alta-1.jpg.694x520_default-1.jpg 694w, https:\/\/yaraecosafari.com\/wp-content\/uploads\/2025\/10\/barco-02-alta-1.jpg.694x520_default-1-300x225.jpg 300w, https:\/\/yaraecosafari.com\/wp-content\/uploads\/2025\/10\/barco-02-alta-1.jpg.694x520_default-1-16x12.jpg 16w\" sizes=\"(max-width: 694px) 100vw, 694px\" \/><figcaption class=\"wp-element-caption\"><sub><sup>A aventura do Pantanal: explorando as \u00e1guas rasas em busca de vida selvagem e paisagens inesquec\u00edveis.<\/sup><\/sub><\/figcaption><\/figure>\n\n\n\n<p>A desconex\u00e3o digital \u00e9 um dos maiores benef\u00edcios de passar as <strong>f\u00e9rias laborais<\/strong> em meio \u00e0 fauna e flora sul-mato-grossense. Na Yara Eco Safari, promovemos experi\u00eancias que incentivam o h\u00f3spede a guardar o celular e focar no bin\u00f3culo. Seja em um saf\u00e1ri fotogr\u00e1fico ou na observa\u00e7\u00e3o silenciosa de jacar\u00e9s e araras, o foco no presente reduz o estresse acumulado nos meses de trabalho.<\/p>\n\n\n\n<hr class=\"wp-block-separator has-alpha-channel-opacity\"\/>\n\n\n\n<h2 class=\"wp-block-heading\"><strong>Por que escolher o Pantanal Sul?<\/strong><\/h2>\n\n\n\n<p>A log\u00edstica facilitada do <strong>Pantanal<\/strong> Sul permite que voc\u00ea aproveite cada minuto do seu descanso sem o cansa\u00e7o de deslocamentos exaustivos. Institui\u00e7\u00f5es de sa\u00fade mental frequentemente apontam que o contato direto com \u00e1reas preservadas, como as que visitamos com a<a href=\"https:\/\/yaraecosafari.com\/pt\/\"> Yara Eco Safari<\/a>, funciona como um &#8220;reset&#8221; biol\u00f3gico. Segundo o<a href=\"https:\/\/www.gov.br\/mma\/pt-br\"> Minist\u00e9rio do Meio Ambiente<\/a>, o ecoturismo \u00e9 uma das ferramentas mais eficazes para o bem-estar humano.<\/p>\n\n\n\n<p>As suas pr\u00f3ximas <strong>f\u00e9rias laborais<\/strong> merecem ser vividas com intensidade e paz. N\u00e3o deixe que o descanso seja apenas uma pausa no calend\u00e1rio; transforme-o em uma jornada de redescoberta.<\/p>\n\n\n\n<p>Prepare-se para viver a imensid\u00e3o com a<a href=\"https:\/\/yaraecosafari.com\/pt\/\"> Yara Eco Safari<\/a> e descubra por que o <strong>Pantanal<\/strong> \u00e9 o melhor rem\u00e9dio para a fadiga do dia a dia.<\/p>\n\n\n\n<hr class=\"wp-block-separator has-alpha-channel-opacity\"\/>\n\n\n\n<h2 class=\"wp-block-heading\"><strong>Ainda n\u00e3o conhece a Yara Ecosafari?<\/strong><\/h2>\n\n\n\n<p>A Yara eco-safari possui tours dedicados a explorar a fauna e flora do pantanal, e claro que a on\u00e7a pintada \u00e9 uma das estrelas do safari.<\/p>\n\n\n\n<p>Nossa equipe combina o conhecimento profundo dos h\u00e1bitos do felino com a log\u00edstica de um eco safari de alto padr\u00e3o. Garantimos que a observa\u00e7\u00e3o seja \u00e9tica e eficaz, sem perturbar a vida selvagem. Do planejamento das melhores rotas fluviais \u00e0 tranquilidade do seu descanso com o melhor conforto e seguran\u00e7a.<\/p>\n\n\n\n<p>A Yara possui pacotes espec\u00edficos para o avistamentos de on\u00e7as, abaixo 2 op\u00e7\u00f5es:<\/p>\n\n\n\n<p><a href=\"https:\/\/yaraecosafari.com\/pt\/ultimate-jaguar-safari\/\">Ultimate Jaguar Bay<\/a> &#8211; 6 dias de passeio<\/p>\n\n\n\n<p><a href=\"https:\/\/yaraecosafari.com\/pt\/group-jaguar-bay-outubro-2026\/\">Group Jaguar Bay<\/a> &#8211; 4 dias de passeio<\/p>\n\n\n\n<p>A majestade da on\u00e7a-pintada espera por voc\u00ea. Reserve sua experi\u00eancia.<\/p>",
        "protected": false
    },
    "excerpt": {
        "rendered": "<p>As f\u00e9rias laborais s\u00e3o muito mais do que um direito garantido por lei; elas s\u00e3o uma necessidade vital para a manuten\u00e7\u00e3o da nossa sa\u00fade mental e criatividade. No ritmo acelerado do mundo corporativo, o verdadeiro desafio n\u00e3o \u00e9 apenas parar de trabalhar, mas conseguir se desconectar de fato das press\u00f5es urbanas. \u00c9 nesse cen\u00e1rio que [&hellip;]<\/p>",
        "protected": false
    },
    "author": 6,
    "featured_media": 0,
    "comment_status": "open",
    "ping_status": "open",
    "sticky": false,
    "template": "",
    "format": "standard",
    "meta": {
        "_acf_changed": false,
        "footnotes": ""
    },
    "categories": [
        1
    ],
    "tags": [],
    "class_list": [
        "post-9356",
        "post",
        "type-post",
        "status-publish",
        "format-standard",
        "hentry",
        "category-blog-pt"
    ],
    "acf": [],
    "yoast_head": "<!-- This site is optimized with the Yoast SEO plugin v27.1.1 - https:\/\/yoast.com\/product\/yoast-seo-wordpress\/ -->\n<title>F\u00e9rias laborais: Por que o Pantanal \u00e9 o destino ideal?\u00a0 - Yara Ecosafari Pantanal<\/title>\n<meta name=\"description\" content=\"Transforme suas f\u00e9rias laborais em um ref\u00fagio de paz. Descubra como o Pantanal ajuda a renovar suas energias com a Yara.\" \/>\n<meta name=\"robots\" content=\"index, follow, max-snippet:-1, max-image-preview:large, max-video-preview:-1\" \/>\n<link rel=\"canonical\" href=\"https:\/\/yaraecosafari.com\/pt\/ferias-laborais-pantanal-bem-estar\/\" \/>\n<meta property=\"og:locale\" content=\"pt_BR\" \/>\n<meta property=\"og:type\" content=\"article\" \/>\n<meta property=\"og:title\" content=\"F\u00e9rias laborais: Por que o Pantanal \u00e9 o destino ideal?\u00a0 - Yara Ecosafari Pantanal\" \/>\n<meta property=\"og:description\" content=\"Transforme suas f\u00e9rias laborais em um ref\u00fagio de paz. Descubra como o Pantanal ajuda a renovar suas energias com a Yara.\" \/>\n<meta property=\"og:url\" content=\"https:\/\/yaraecosafari.com\/pt\/ferias-laborais-pantanal-bem-estar\/\" \/>\n<meta property=\"og:site_name\" content=\"Yara Ecosafari Pantanal\" \/>\n<meta property=\"article:published_time\" content=\"2026-03-30T18:33:12+00:00\" \/>\n<meta property=\"article:modified_time\" content=\"2026-03-30T18:33:14+00:00\" \/>\n<meta property=\"og:image\" content=\"https:\/\/yaraecosafari.com\/wp-content\/uploads\/2025\/10\/barco-02-alta-1.jpg.694x520_default-1.jpg\" \/>\n\t<meta property=\"og:image:width\" content=\"694\" \/>\n\t<meta property=\"og:image:height\" content=\"520\" \/>\n\t<meta property=\"og:image:type\" content=\"image\/jpeg\" \/>\n<meta name=\"author\" content=\"admin-Wilson\" \/>\n<meta name=\"twitter:card\" content=\"summary_large_image\" \/>\n<meta name=\"twitter:label1\" content=\"Escrito por\" \/>\n\t<meta name=\"twitter:data1\" content=\"admin-Wilson\" \/>\n\t<meta name=\"twitter:label2\" content=\"Est. tempo de leitura\" \/>\n\t<meta name=\"twitter:data2\" content=\"3 minutos\" \/>\n<script type=\"application\/ld+json\" class=\"yoast-schema-graph\">{\"@context\":\"https:\/\/schema.org\",\"@graph\":[{\"@type\":\"Article\",\"@id\":\"https:\/\/yaraecosafari.com\/ferias-laborais-pantanal-bem-estar\/#article\",\"isPartOf\":{\"@id\":\"https:\/\/yaraecosafari.com\/ferias-laborais-pantanal-bem-estar\/\"},\"author\":{\"name\":\"admin-Wilson\",\"@id\":\"https:\/\/yaraecosafari.com\/en\/#\/schema\/person\/6d9e706b08dff36f70dcdc7454597c12\"},\"headline\":\"F\u00e9rias laborais: Por que o Pantanal \u00e9 o destino ideal?\u00a0\",\"datePublished\":\"2026-03-30T18:33:12+00:00\",\"dateModified\":\"2026-03-30T18:33:14+00:00\",\"mainEntityOfPage\":{\"@id\":\"https:\/\/yaraecosafari.com\/ferias-laborais-pantanal-bem-estar\/\"},\"wordCount\":505,\"commentCount\":0,\"publisher\":{\"@id\":\"https:\/\/yaraecosafari.com\/en\/#organization\"},\"image\":{\"@id\":\"https:\/\/yaraecosafari.com\/ferias-laborais-pantanal-bem-estar\/#primaryimage\"},\"thumbnailUrl\":\"https:\/\/yaraecosafari.com\/wp-content\/uploads\/2025\/10\/barco-02-alta-1.jpg.694x520_default-1.jpg\",\"articleSection\":[\"Blog\"],\"inLanguage\":\"pt-BR\",\"potentialAction\":[{\"@type\":\"CommentAction\",\"name\":\"Comment\",\"target\":[\"https:\/\/yaraecosafari.com\/ferias-laborais-pantanal-bem-estar\/#respond\"]}]},{\"@type\":\"WebPage\",\"@id\":\"https:\/\/yaraecosafari.com\/ferias-laborais-pantanal-bem-estar\/\",\"url\":\"https:\/\/yaraecosafari.com\/ferias-laborais-pantanal-bem-estar\/\",\"name\":\"F\u00e9rias laborais: Por que o Pantanal \u00e9 o destino ideal?\u00a0 - Yara Ecosafari Pantanal\",\"isPartOf\":{\"@id\":\"https:\/\/yaraecosafari.com\/en\/#website\"},\"primaryImageOfPage\":{\"@id\":\"https:\/\/yaraecosafari.com\/ferias-laborais-pantanal-bem-estar\/#primaryimage\"},\"image\":{\"@id\":\"https:\/\/yaraecosafari.com\/ferias-laborais-pantanal-bem-estar\/#primaryimage\"},\"thumbnailUrl\":\"https:\/\/yaraecosafari.com\/wp-content\/uploads\/2025\/10\/barco-02-alta-1.jpg.694x520_default-1.jpg\",\"datePublished\":\"2026-03-30T18:33:12+00:00\",\"dateModified\":\"2026-03-30T18:33:14+00:00\",\"description\":\"Transforme suas f\u00e9rias laborais em um ref\u00fagio de paz. Descubra como o Pantanal ajuda a renovar suas energias com a Yara.\",\"breadcrumb\":{\"@id\":\"https:\/\/yaraecosafari.com\/ferias-laborais-pantanal-bem-estar\/#breadcrumb\"},\"inLanguage\":\"pt-BR\",\"potentialAction\":[{\"@type\":\"ReadAction\",\"target\":[\"https:\/\/yaraecosafari.com\/ferias-laborais-pantanal-bem-estar\/\"]}]},{\"@type\":\"ImageObject\",\"inLanguage\":\"pt-BR\",\"@id\":\"https:\/\/yaraecosafari.com\/ferias-laborais-pantanal-bem-estar\/#primaryimage\",\"url\":\"https:\/\/yaraecosafari.com\/wp-content\/uploads\/2025\/10\/barco-02-alta-1.jpg.694x520_default-1.jpg\",\"contentUrl\":\"https:\/\/yaraecosafari.com\/wp-content\/uploads\/2025\/10\/barco-02-alta-1.jpg.694x520_default-1.jpg\"},{\"@type\":\"BreadcrumbList\",\"@id\":\"https:\/\/yaraecosafari.com\/ferias-laborais-pantanal-bem-estar\/#breadcrumb\",\"itemListElement\":[{\"@type\":\"ListItem\",\"position\":1,\"name\":\"Home\",\"item\":\"https:\/\/yaraecosafari.com\/en\/\"},{\"@type\":\"ListItem\",\"position\":2,\"name\":\"F\u00e9rias laborais: Por que o Pantanal \u00e9 o destino ideal?\u00a0\"}]},{\"@type\":\"WebSite\",\"@id\":\"https:\/\/yaraecosafari.com\/en\/#website\",\"url\":\"https:\/\/yaraecosafari.com\/en\/\",\"name\":\"Yara Ecosafari Pantanal\",\"description\":\"\",\"publisher\":{\"@id\":\"https:\/\/yaraecosafari.com\/en\/#organization\"},\"potentialAction\":[{\"@type\":\"SearchAction\",\"target\":{\"@type\":\"EntryPoint\",\"urlTemplate\":\"https:\/\/yaraecosafari.com\/en\/?s={search_term_string}\"},\"query-input\":{\"@type\":\"PropertyValueSpecification\",\"valueRequired\":true,\"valueName\":\"search_term_string\"}}],\"inLanguage\":\"pt-BR\"},{\"@type\":\"Organization\",\"@id\":\"https:\/\/yaraecosafari.com\/en\/#organization\",\"name\":\"Yara Ecosafari Pantanal\",\"url\":\"https:\/\/yaraecosafari.com\/en\/\",\"logo\":{\"@type\":\"ImageObject\",\"inLanguage\":\"pt-BR\",\"@id\":\"https:\/\/yaraecosafari.com\/en\/#\/schema\/logo\/image\/\",\"url\":\"https:\/\/yaraecosafari.com\/wp-content\/uploads\/2024\/12\/logo.webp\",\"contentUrl\":\"https:\/\/yaraecosafari.com\/wp-content\/uploads\/2024\/12\/logo.webp\",\"width\":512,\"height\":172,\"caption\":\"Yara Ecosafari Pantanal\"},\"image\":{\"@id\":\"https:\/\/yaraecosafari.com\/en\/#\/schema\/logo\/image\/\"}},{\"@type\":\"Person\",\"@id\":\"https:\/\/yaraecosafari.com\/en\/#\/schema\/person\/6d9e706b08dff36f70dcdc7454597c12\",\"name\":\"admin-Wilson\",\"image\":{\"@type\":\"ImageObject\",\"inLanguage\":\"pt-BR\",\"@id\":\"https:\/\/yaraecosafari.com\/en\/#\/schema\/person\/image\/\",\"url\":\"https:\/\/secure.gravatar.com\/avatar\/a88bb0027ba54cd13295ed7f81144f9166e5df01cff694d23e96936d53a2207b?s=96&d=mm&r=g\",\"contentUrl\":\"https:\/\/secure.gravatar.com\/avatar\/a88bb0027ba54cd13295ed7f81144f9166e5df01cff694d23e96936d53a2207b?s=96&d=mm&r=g\",\"caption\":\"admin-Wilson\"},\"url\":\"https:\/\/yaraecosafari.com\/pt\/author\/wilson\/\"}]}<\/script>\n<!-- \/ Yoast SEO plugin. -->",
    "yoast_head_json": {
        "title": "F\u00e9rias laborais: Por que o Pantanal \u00e9 o destino ideal?\u00a0 - Yara Ecosafari Pantanal",
        "description": "Transforme suas f\u00e9rias laborais em um ref\u00fagio de paz. Descubra como o Pantanal ajuda a renovar suas energias com a Yara.",
        "robots": {
            "index": "index",
            "follow": "follow",
            "max-snippet": "max-snippet:-1",
            "max-image-preview": "max-image-preview:large",
            "max-video-preview": "max-video-preview:-1"
        },
        "canonical": "https:\/\/yaraecosafari.com\/pt\/ferias-laborais-pantanal-bem-estar\/",
        "og_locale": "pt_BR",
        "og_type": "article",
        "og_title": "F\u00e9rias laborais: Por que o Pantanal \u00e9 o destino ideal?\u00a0 - Yara Ecosafari Pantanal",
        "og_description": "Transforme suas f\u00e9rias laborais em um ref\u00fagio de paz. Descubra como o Pantanal ajuda a renovar suas energias com a Yara.",
        "og_url": "https:\/\/yaraecosafari.com\/pt\/ferias-laborais-pantanal-bem-estar\/",
        "og_site_name": "Yara Ecosafari Pantanal",
        "article_published_time": "2026-03-30T18:33:12+00:00",
        "article_modified_time": "2026-03-30T18:33:14+00:00",
        "og_image": [
            {
                "width": 694,
                "height": 520,
                "url": "https:\/\/yaraecosafari.com\/wp-content\/uploads\/2025\/10\/barco-02-alta-1.jpg.694x520_default-1.jpg",
                "type": "image\/jpeg"
            }
        ],
        "author": "admin-Wilson",
        "twitter_card": "summary_large_image",
        "twitter_misc": {
            "Escrito por": "admin-Wilson",
            "Est. tempo de leitura": "3 minutos"
        },
        "schema": {
            "@context": "https:\/\/schema.org",
            "@graph": [
                {
                    "@type": "Article",
                    "@id": "https:\/\/yaraecosafari.com\/ferias-laborais-pantanal-bem-estar\/#article",
                    "isPartOf": {
                        "@id": "https:\/\/yaraecosafari.com\/ferias-laborais-pantanal-bem-estar\/"
                    },
                    "author": {
                        "name": "admin-Wilson",
                        "@id": "https:\/\/yaraecosafari.com\/en\/#\/schema\/person\/6d9e706b08dff36f70dcdc7454597c12"
                    },
                    "headline": "F\u00e9rias laborais: Por que o Pantanal \u00e9 o destino ideal?\u00a0",
                    "datePublished": "2026-03-30T18:33:12+00:00",
                    "dateModified": "2026-03-30T18:33:14+00:00",
                    "mainEntityOfPage": {
                        "@id": "https:\/\/yaraecosafari.com\/ferias-laborais-pantanal-bem-estar\/"
                    },
                    "wordCount": 505,
                    "commentCount": 0,
                    "publisher": {
                        "@id": "https:\/\/yaraecosafari.com\/en\/#organization"
                    },
                    "image": {
                        "@id": "https:\/\/yaraecosafari.com\/ferias-laborais-pantanal-bem-estar\/#primaryimage"
                    },
                    "thumbnailUrl": "https:\/\/yaraecosafari.com\/wp-content\/uploads\/2025\/10\/barco-02-alta-1.jpg.694x520_default-1.jpg",
                    "articleSection": [
                        "Blog"
                    ],
                    "inLanguage": "pt-BR",
                    "potentialAction": [
                        {
                            "@type": "CommentAction",
                            "name": "Comment",
                            "target": [
                                "https:\/\/yaraecosafari.com\/ferias-laborais-pantanal-bem-estar\/#respond"
                            ]
                        }
                    ]
                },
                {
                    "@type": "WebPage",
                    "@id": "https:\/\/yaraecosafari.com\/ferias-laborais-pantanal-bem-estar\/",
                    "url": "https:\/\/yaraecosafari.com\/ferias-laborais-pantanal-bem-estar\/",
                    "name": "F\u00e9rias laborais: Por que o Pantanal \u00e9 o destino ideal?\u00a0 - Yara Ecosafari Pantanal",
                    "isPartOf": {
                        "@id": "https:\/\/yaraecosafari.com\/en\/#website"
                    },
                    "primaryImageOfPage": {
                        "@id": "https:\/\/yaraecosafari.com\/ferias-laborais-pantanal-bem-estar\/#primaryimage"
                    },
                    "image": {
                        "@id": "https:\/\/yaraecosafari.com\/ferias-laborais-pantanal-bem-estar\/#primaryimage"
                    },
                    "thumbnailUrl": "https:\/\/yaraecosafari.com\/wp-content\/uploads\/2025\/10\/barco-02-alta-1.jpg.694x520_default-1.jpg",
                    "datePublished": "2026-03-30T18:33:12+00:00",
                    "dateModified": "2026-03-30T18:33:14+00:00",
                    "description": "Transforme suas f\u00e9rias laborais em um ref\u00fagio de paz. Descubra como o Pantanal ajuda a renovar suas energias com a Yara.",
                    "breadcrumb": {
                        "@id": "https:\/\/yaraecosafari.com\/ferias-laborais-pantanal-bem-estar\/#breadcrumb"
                    },
                    "inLanguage": "pt-BR",
                    "potentialAction": [
                        {
                            "@type": "ReadAction",
                            "target": [
                                "https:\/\/yaraecosafari.com\/ferias-laborais-pantanal-bem-estar\/"
                            ]
                        }
                    ]
                },
                {
                    "@type": "ImageObject",
                    "inLanguage": "pt-BR",
                    "@id": "https:\/\/yaraecosafari.com\/ferias-laborais-pantanal-bem-estar\/#primaryimage",
                    "url": "https:\/\/yaraecosafari.com\/wp-content\/uploads\/2025\/10\/barco-02-alta-1.jpg.694x520_default-1.jpg",
                    "contentUrl": "https:\/\/yaraecosafari.com\/wp-content\/uploads\/2025\/10\/barco-02-alta-1.jpg.694x520_default-1.jpg"
                },
                {
                    "@type": "BreadcrumbList",
                    "@id": "https:\/\/yaraecosafari.com\/ferias-laborais-pantanal-bem-estar\/#breadcrumb",
                    "itemListElement": [
                        {
                            "@type": "ListItem",
                            "position": 1,
                            "name": "Home",
                            "item": "https:\/\/yaraecosafari.com\/en\/"
                        },
                        {
                            "@type": "ListItem",
                            "position": 2,
                            "name": "F\u00e9rias laborais: Por que o Pantanal \u00e9 o destino ideal?\u00a0"
                        }
                    ]
                },
                {
                    "@type": "WebSite",
                    "@id": "https:\/\/yaraecosafari.com\/en\/#website",
                    "url": "https:\/\/yaraecosafari.com\/en\/",
                    "name": "Yara Ecosafari Pantanal",
                    "description": "",
                    "publisher": {
                        "@id": "https:\/\/yaraecosafari.com\/en\/#organization"
                    },
                    "potentialAction": [
                        {
                            "@type": "SearchAction",
                            "target": {
                                "@type": "EntryPoint",
                                "urlTemplate": "https:\/\/yaraecosafari.com\/en\/?s={search_term_string}"
                            },
                            "query-input": {
                                "@type": "PropertyValueSpecification",
                                "valueRequired": true,
                                "valueName": "search_term_string"
                            }
                        }
                    ],
                    "inLanguage": "pt-BR"
                },
                {
                    "@type": "Organization",
                    "@id": "https:\/\/yaraecosafari.com\/en\/#organization",
                    "name": "Yara Ecosafari Pantanal",
                    "url": "https:\/\/yaraecosafari.com\/en\/",
                    "logo": {
                        "@type": "ImageObject",
                        "inLanguage": "pt-BR",
                        "@id": "https:\/\/yaraecosafari.com\/en\/#\/schema\/logo\/image\/",
                        "url": "https:\/\/yaraecosafari.com\/wp-content\/uploads\/2024\/12\/logo.webp",
                        "contentUrl": "https:\/\/yaraecosafari.com\/wp-content\/uploads\/2024\/12\/logo.webp",
                        "width": 512,
                        "height": 172,
                        "caption": "Yara Ecosafari Pantanal"
                    },
                    "image": {
                        "@id": "https:\/\/yaraecosafari.com\/en\/#\/schema\/logo\/image\/"
                    }
                },
                {
                    "@type": "Person",
                    "@id": "https:\/\/yaraecosafari.com\/en\/#\/schema\/person\/6d9e706b08dff36f70dcdc7454597c12",
                    "name": "admin-Wilson",
                    "image": {
                        "@type": "ImageObject",
                        "inLanguage": "pt-BR",
                        "@id": "https:\/\/yaraecosafari.com\/en\/#\/schema\/person\/image\/",
                        "url": "https:\/\/secure.gravatar.com\/avatar\/a88bb0027ba54cd13295ed7f81144f9166e5df01cff694d23e96936d53a2207b?s=96&d=mm&r=g",
                        "contentUrl": "https:\/\/secure.gravatar.com\/avatar\/a88bb0027ba54cd13295ed7f81144f9166e5df01cff694d23e96936d53a2207b?s=96&d=mm&r=g",
                        "caption": "admin-Wilson"
                    },
                    "url": "https:\/\/yaraecosafari.com\/pt\/author\/wilson\/"
                }
            ]
        }
    },
    "_links": {
        "self": [
            {
                "href": "https:\/\/yaraecosafari.com\/pt\/wp-json\/wp\/v2\/posts\/9356",
                "targetHints": {
                    "allow": [
                        "GET"
                    ]
                }
            }
        ],
        "collection": [
            {
                "href": "https:\/\/yaraecosafari.com\/pt\/wp-json\/wp\/v2\/posts"
            }
        ],
        "about": [
            {
                "href": "https:\/\/yaraecosafari.com\/pt\/wp-json\/wp\/v2\/types\/post"
            }
        ],
        "author": [
            {
                "embeddable": true,
                "href": "https:\/\/yaraecosafari.com\/pt\/wp-json\/wp\/v2\/users\/6"
            }
        ],
        "replies": [
            {
                "embeddable": true,
                "href": "https:\/\/yaraecosafari.com\/pt\/wp-json\/wp\/v2\/comments?post=9356"
            }
        ],
        "version-history": [
            {
                "count": 0,
                "href": "https:\/\/yaraecosafari.com\/pt\/wp-json\/wp\/v2\/posts\/9356\/revisions"
            }
        ],
        "wp:attachment": [
            {
                "href": "https:\/\/yaraecosafari.com\/pt\/wp-json\/wp\/v2\/media?parent=9356"
            }
        ],
        "wp:term": [
            {
                "taxonomy": "category",
                "embeddable": true,
                "href": "https:\/\/yaraecosafari.com\/pt\/wp-json\/wp\/v2\/categories?post=9356"
            },
            {
                "taxonomy": "post_tag",
                "embeddable": true,
                "href": "https:\/\/yaraecosafari.com\/pt\/wp-json\/wp\/v2\/tags?post=9356"
            }
        ],
        "curies": [
            {
                "name": "wp",
                "href": "https:\/\/api.w.org\/{rel}",
                "templated": true
            }
        ]
    }
}