{
    "id": 9308,
    "date": "2026-03-30T16:44:50",
    "date_gmt": "2026-03-30T19:44:50",
    "guid": {
        "rendered": "https:\/\/yaraecosafari.com\/?p=9308"
    },
    "modified": "2026-03-30T16:44:52",
    "modified_gmt": "2026-03-30T19:44:52",
    "slug": "tuiuiu-ave-simbolo-pantanal",
    "status": "publish",
    "type": "post",
    "link": "https:\/\/yaraecosafari.com\/pt\/tuiuiu-ave-simbolo-pantanal\/",
    "title": {
        "rendered": "O Tuiui\u00fa e a Magia do Pantanal"
    },
    "content": {
        "rendered": "<p>Se voc\u00ea planeja uma viagem para o Mato Grosso ou Mato Grosso do Sul, certamente j\u00e1 ouviu falar do <strong>Tuiui\u00fa<\/strong>. Esta ave, cujo nome cient\u00edfico \u00e9 <em>Jabiru mycteria<\/em>, \u00e9 reconhecida oficialmente como o s\u00edmbolo do <strong>Pantanal<\/strong>. Com sua envergadura impressionante e cores marcantes, o Tuiui\u00fa representa a resili\u00eancia e a beleza da maior plan\u00edcie inund\u00e1vel do mundo. Neste artigo, vamos explorar as caracter\u00edsticas que tornam essa cegonha t\u00e3o especial e como voc\u00ea pode observ\u00e1-la de perto.<\/p>\n\n\n\n<h3 class=\"wp-block-heading\"><strong>Caracter\u00edsticas Impressionantes do Tuiui\u00fa<\/strong><\/h3>\n\n\n\n<p>O <strong>Tuiui\u00fa<\/strong> \u00e9 uma das maiores aves da Am\u00e9rica do Sul. Um adulto pode atingir at\u00e9 1,60 metros de altura e possuir uma envergadura de asas que chega a quase 3 metros. Sua plumagem \u00e9 predominantemente branca, mas o que realmente chama a aten\u00e7\u00e3o \u00e9 o seu pesco\u00e7o preto com uma faixa vermelha intensa na base, conhecida como &#8220;papo&#8221;.<\/p>\n\n\n\n<p>Essa colora\u00e7\u00e3o n\u00e3o \u00e9 apenas est\u00e9tica. Durante o per\u00edodo de reprodu\u00e7\u00e3o no <strong>Pantanal<\/strong>, a cor vermelha torna-se ainda mais vibrante, servindo como um sinalizador visual para outros indiv\u00edduos. Al\u00e9m disso, o bico do Tuiui\u00fa \u00e9 preto, robusto e ligeiramente curvado para cima, uma ferramenta perfeita para a pesca em \u00e1guas rasas, onde ele busca alimento com movimentos r\u00e1pidos e precisos.<\/p>\n\n\n\n<h3 class=\"wp-block-heading\"><strong>Habitat e Comportamento no Pantanal<\/strong><\/h3>\n\n\n\n<figure class=\"wp-block-image aligncenter size-large is-resized\"><img fetchpriority=\"high\" decoding=\"async\" width=\"1024\" height=\"576\" src=\"https:\/\/yaraecosafari.com\/wp-content\/uploads\/2025\/01\/galeria-38-1024x576.webp\" alt=\"On\u00e7a-pintada caminhando na margem do rio atr\u00e1s de um Tuiui\u00fa no Pantanal.\" class=\"wp-image-955\" style=\"width:580px;height:auto\" srcset=\"https:\/\/yaraecosafari.com\/wp-content\/uploads\/2025\/01\/galeria-38-1024x576.webp 1024w, https:\/\/yaraecosafari.com\/wp-content\/uploads\/2025\/01\/galeria-38-300x169.webp 300w, https:\/\/yaraecosafari.com\/wp-content\/uploads\/2025\/01\/galeria-38-768x432.webp 768w, https:\/\/yaraecosafari.com\/wp-content\/uploads\/2025\/01\/galeria-38.webp 1280w\" sizes=\"(max-width: 1024px) 100vw, 1024px\" \/><figcaption class=\"wp-element-caption\"><sup>Um encontro \u00e9pico entre a rainha do Pantanal e a ave s\u00edmbolo do bioma.<\/sup><\/figcaption><\/figure>\n\n\n\n<p><\/p>\n\n\n\n<p>A vida do <strong>Tuiui\u00fa<\/strong> est\u00e1 intrinsecamente ligada ao ciclo das \u00e1guas. No <strong>Pantanal<\/strong>, eles preferem \u00e1reas abertas, margens de rios e lagoas onde possam caminhar com suas pernas longas em busca de alimento. A dieta \u00e9 variada, incluindo peixes, moluscos, anf\u00edbios e at\u00e9 pequenos r\u00e9pteis. De acordo com estudos do<a href=\"https:\/\/www.wikiaves.com.br\/wiki\/tuiuiu\"> WikiAves<\/a>, essa esp\u00e9cie \u00e9 fundamental para o equil\u00edbrio da fauna local.<\/p>\n\n\n\n<p>Os ninhos de Tuiui\u00fa s\u00e3o verdadeiras obras de engenharia. Constru\u00eddos no topo das \u00e1rvores mais altas, como as palmeiras e os landis, esses ninhos podem chegar a 3 metros de di\u00e2metro. \u00c9 comum ver o mesmo casal retornando ao mesmo ninho ano ap\u00f3s ano, refor\u00e7ando-o com novos gravetos a cada temporada. Para os amantes da fotografia, observar um ninho de Tuiui\u00fa com filhotes \u00e9 um dos pontos altos de qualquer aventura no bioma.<\/p>\n\n\n\n<h3 class=\"wp-block-heading\"><strong>Por que o Tuiui\u00fa \u00e9 o S\u00edmbolo do Bioma?<\/strong><\/h3>\n\n\n\n<p>A escolha do <strong>Tuiui\u00fa<\/strong> como s\u00edmbolo n\u00e3o foi por acaso. Ele \u00e9 um bioindicador da sa\u00fade ambiental do <strong>Pantanal<\/strong>. Como dependem de ecossistemas preservados para nidificar e se alimentar, a presen\u00e7a de popula\u00e7\u00f5es saud\u00e1veis de Tuiui\u00fas indica que a regi\u00e3o est\u00e1 em equil\u00edbrio. Organiza\u00e7\u00f5es como a<a href=\"https:\/\/sospantanal.org.br\/tuiuiu-ave-simbolo-do-pantanal\/\"> SOS Pantanal<\/a> monitoram essas aves para entender as mudan\u00e7as clim\u00e1ticas na regi\u00e3o.<\/p>\n\n\n\n<p>Al\u00e9m disso, sua silhueta planando nos c\u00e9us pantaneiros \u00e9 uma imagem ic\u00f4nica. Ver o <strong>Tuiui\u00fa<\/strong> decolar \u00e9 uma experi\u00eancia quase pr\u00e9-hist\u00f3rica devido ao seu tamanho e eleg\u00e2ncia. Se voc\u00ea deseja viver essa experi\u00eancia de perto e aprender com quem entende de conserva\u00e7\u00e3o, a<a href=\"https:\/\/yaraecosafari.com\/pt\/\"> Yara Eco Safari<\/a> oferece expedi\u00e7\u00f5es focadas na observa\u00e7\u00e3o de aves e grandes mam\u00edferos.<\/p>\n\n\n\n<h3 class=\"wp-block-heading\"><strong>Como Observar o Tuiui\u00fa com Seguran\u00e7a<\/strong><\/h3>\n\n\n\n<figure class=\"wp-block-image aligncenter size-large is-resized\"><img decoding=\"async\" width=\"1024\" height=\"576\" src=\"https:\/\/yaraecosafari.com\/wp-content\/uploads\/2025\/01\/galeria-88-1024x576.webp\" alt=\"Homem com bon\u00e9 e camiseta escura, usando uma c\u00e2mera DSLR com lente telefoto (zoom) para fotografar a vida selvagem de um barco em movimento no Pantanal.\" class=\"wp-image-1024\" style=\"width:542px;height:auto\" srcset=\"https:\/\/yaraecosafari.com\/wp-content\/uploads\/2025\/01\/galeria-88-1024x576.webp 1024w, https:\/\/yaraecosafari.com\/wp-content\/uploads\/2025\/01\/galeria-88-300x169.webp 300w, https:\/\/yaraecosafari.com\/wp-content\/uploads\/2025\/01\/galeria-88-768x432.webp 768w, https:\/\/yaraecosafari.com\/wp-content\/uploads\/2025\/01\/galeria-88.webp 1280w\" sizes=\"(max-width: 1024px) 100vw, 1024px\" \/><figcaption class=\"wp-element-caption\"><sup>Capturando o momento: use a lente telefoto para garantir fotos de perto aves no saf\u00e1ri aqu\u00e1tico do Pantanal.<\/sup><\/figcaption><\/figure>\n\n\n\n<p>A melhor forma de conhecer o <strong>Tuiui\u00fa<\/strong> \u00e9 atrav\u00e9s de um safari fotogr\u00e1fico respons\u00e1vel. No <strong>Pantanal<\/strong>, a sazonalidade dita o ritmo dos encontros. Durante a seca, as aves se concentram ao redor das po\u00e7as de \u00e1gua remanescentes, facilitando o avistamento em grandes grupos.<\/p>\n\n\n\n<p>Para quem busca uma imers\u00e3o completa, \u00e9 recomend\u00e1vel o acompanhamento de guias especializados que explicam cada detalhe do comportamento animal. Respeitar a dist\u00e2ncia dos ninhos e manter o sil\u00eancio s\u00e3o regras fundamentais para garantir a preserva\u00e7\u00e3o da esp\u00e9cie enquanto desfrutamos de sua beleza. Voc\u00ea pode encontrar mais informa\u00e7\u00f5es t\u00e9cnicas sobre a fauna brasileira no portal da<a href=\"https:\/\/www.embrapa.br\/pantanal\"> Embrapa Pantanal<\/a>, que realiza pesquisas constantes sobre a ecologia do Tuiui\u00fa.<\/p>\n\n\n\n<hr class=\"wp-block-separator has-alpha-channel-opacity\"\/>\n\n\n\n<h2 class=\"wp-block-heading\"><strong>Ainda n\u00e3o conhece a Yara Ecosafari?<\/strong><\/h2>\n\n\n\n<p>A Yara eco-safari possui tours dedicados a explorar a fauna e flora do pantanal, e claro que a on\u00e7a pintada \u00e9 uma das estrelas do safari.<\/p>\n\n\n\n<p>Nossa equipe combina o conhecimento profundo dos h\u00e1bitos do felino com a log\u00edstica de um ecossafari de alto padr\u00e3o. Garantimos que a observa\u00e7\u00e3o seja \u00e9tica e eficaz, sem perturbar a vida selvagem. Do planejamento das melhores rotas fluviais \u00e0 tranquilidade do seu descanso com o melhor conforto e seguran\u00e7a.<\/p>\n\n\n\n<p>A Yara possui pacotes espec\u00edficos para o avistamentos de on\u00e7as, abaixo 2 op\u00e7\u00f5es:<\/p>\n\n\n\n<p><a href=\"https:\/\/yaraecosafari.com\/pt\/ultimate-jaguar-safari\/\">Ultimate Jaguar Bay<\/a> &#8211; 6 dias de passeio<\/p>\n\n\n\n<p><a href=\"https:\/\/yaraecosafari.com\/pt\/group-jaguar-bay-outubro-2026\/\">Group Jaguar Bay<\/a> &#8211; 4 dias de passeio<\/p>\n\n\n\n<p>A majestade da on\u00e7a-pintada espera por voc\u00ea. Reserve sua experi\u00eancia.<\/p>",
        "protected": false
    },
    "excerpt": {
        "rendered": "<p>Se voc\u00ea planeja uma viagem para o Mato Grosso ou Mato Grosso do Sul, certamente j\u00e1 ouviu falar do Tuiui\u00fa. Esta ave, cujo nome cient\u00edfico \u00e9 Jabiru mycteria, \u00e9 reconhecida oficialmente como o s\u00edmbolo do Pantanal. Com sua envergadura impressionante e cores marcantes, o Tuiui\u00fa representa a resili\u00eancia e a beleza da maior plan\u00edcie inund\u00e1vel [&hellip;]<\/p>",
        "protected": false
    },
    "author": 6,
    "featured_media": 1042,
    "comment_status": "open",
    "ping_status": "open",
    "sticky": false,
    "template": "",
    "format": "standard",
    "meta": {
        "_acf_changed": false,
        "footnotes": ""
    },
    "categories": [
        1,
        19
    ],
    "tags": [],
    "class_list": [
        "post-9308",
        "post",
        "type-post",
        "status-publish",
        "format-standard",
        "has-post-thumbnail",
        "hentry",
        "category-blog-pt",
        "category-fauna-e-flora"
    ],
    "acf": [],
    "yoast_head": "<!-- This site is optimized with the Yoast SEO plugin v27.1.1 - https:\/\/yoast.com\/product\/yoast-seo-wordpress\/ -->\n<title>O Tuiui\u00fa e a Magia do Pantanal - Yara Ecosafari Pantanal<\/title>\n<meta name=\"description\" content=\"Descubra as curiosidades do Tuiui\u00fa, a ave s\u00edmbolo do Pantanal. Saiba como v\u00ea-lo em um safari \u00fanico e inesquec\u00edvel.\" \/>\n<meta name=\"robots\" content=\"index, follow, max-snippet:-1, max-image-preview:large, max-video-preview:-1\" \/>\n<link rel=\"canonical\" href=\"https:\/\/yaraecosafari.com\/pt\/tuiuiu-ave-simbolo-pantanal\/\" \/>\n<meta property=\"og:locale\" content=\"pt_BR\" \/>\n<meta property=\"og:type\" content=\"article\" \/>\n<meta property=\"og:title\" content=\"O Tuiui\u00fa e a Magia do Pantanal - Yara Ecosafari Pantanal\" \/>\n<meta property=\"og:description\" content=\"Descubra as curiosidades do Tuiui\u00fa, a ave s\u00edmbolo do Pantanal. Saiba como v\u00ea-lo em um safari \u00fanico e inesquec\u00edvel.\" \/>\n<meta property=\"og:url\" content=\"https:\/\/yaraecosafari.com\/pt\/tuiuiu-ave-simbolo-pantanal\/\" \/>\n<meta property=\"og:site_name\" content=\"Yara Ecosafari Pantanal\" \/>\n<meta property=\"article:published_time\" content=\"2026-03-30T19:44:50+00:00\" \/>\n<meta property=\"article:modified_time\" content=\"2026-03-30T19:44:52+00:00\" \/>\n<meta property=\"og:image\" content=\"https:\/\/yaraecosafari.com\/wp-content\/uploads\/2025\/01\/galeria-106.webp\" \/>\n\t<meta property=\"og:image:width\" content=\"1280\" \/>\n\t<meta property=\"og:image:height\" content=\"720\" \/>\n\t<meta property=\"og:image:type\" content=\"image\/webp\" \/>\n<meta name=\"author\" content=\"admin-Wilson\" \/>\n<meta name=\"twitter:card\" content=\"summary_large_image\" \/>\n<meta name=\"twitter:label1\" content=\"Escrito por\" \/>\n\t<meta name=\"twitter:data1\" content=\"admin-Wilson\" \/>\n\t<meta name=\"twitter:label2\" content=\"Est. tempo de leitura\" \/>\n\t<meta name=\"twitter:data2\" content=\"5 minutos\" \/>\n<script type=\"application\/ld+json\" class=\"yoast-schema-graph\">{\"@context\":\"https:\/\/schema.org\",\"@graph\":[{\"@type\":\"Article\",\"@id\":\"https:\/\/yaraecosafari.com\/tuiuiu-ave-simbolo-pantanal\/#article\",\"isPartOf\":{\"@id\":\"https:\/\/yaraecosafari.com\/tuiuiu-ave-simbolo-pantanal\/\"},\"author\":{\"name\":\"admin-Wilson\",\"@id\":\"https:\/\/yaraecosafari.com\/en\/#\/schema\/person\/6d9e706b08dff36f70dcdc7454597c12\"},\"headline\":\"O Tuiui\u00fa e a Magia do Pantanal\",\"datePublished\":\"2026-03-30T19:44:50+00:00\",\"dateModified\":\"2026-03-30T19:44:52+00:00\",\"mainEntityOfPage\":{\"@id\":\"https:\/\/yaraecosafari.com\/tuiuiu-ave-simbolo-pantanal\/\"},\"wordCount\":795,\"commentCount\":0,\"publisher\":{\"@id\":\"https:\/\/yaraecosafari.com\/en\/#organization\"},\"image\":{\"@id\":\"https:\/\/yaraecosafari.com\/tuiuiu-ave-simbolo-pantanal\/#primaryimage\"},\"thumbnailUrl\":\"https:\/\/yaraecosafari.com\/wp-content\/uploads\/2025\/01\/galeria-106.webp\",\"articleSection\":[\"Blog\",\"Fauna e Flora\"],\"inLanguage\":\"pt-BR\",\"potentialAction\":[{\"@type\":\"CommentAction\",\"name\":\"Comment\",\"target\":[\"https:\/\/yaraecosafari.com\/tuiuiu-ave-simbolo-pantanal\/#respond\"]}]},{\"@type\":\"WebPage\",\"@id\":\"https:\/\/yaraecosafari.com\/tuiuiu-ave-simbolo-pantanal\/\",\"url\":\"https:\/\/yaraecosafari.com\/tuiuiu-ave-simbolo-pantanal\/\",\"name\":\"O Tuiui\u00fa e a Magia do Pantanal - Yara Ecosafari Pantanal\",\"isPartOf\":{\"@id\":\"https:\/\/yaraecosafari.com\/en\/#website\"},\"primaryImageOfPage\":{\"@id\":\"https:\/\/yaraecosafari.com\/tuiuiu-ave-simbolo-pantanal\/#primaryimage\"},\"image\":{\"@id\":\"https:\/\/yaraecosafari.com\/tuiuiu-ave-simbolo-pantanal\/#primaryimage\"},\"thumbnailUrl\":\"https:\/\/yaraecosafari.com\/wp-content\/uploads\/2025\/01\/galeria-106.webp\",\"datePublished\":\"2026-03-30T19:44:50+00:00\",\"dateModified\":\"2026-03-30T19:44:52+00:00\",\"description\":\"Descubra as curiosidades do Tuiui\u00fa, a ave s\u00edmbolo do Pantanal. Saiba como v\u00ea-lo em um safari \u00fanico e inesquec\u00edvel.\",\"breadcrumb\":{\"@id\":\"https:\/\/yaraecosafari.com\/tuiuiu-ave-simbolo-pantanal\/#breadcrumb\"},\"inLanguage\":\"pt-BR\",\"potentialAction\":[{\"@type\":\"ReadAction\",\"target\":[\"https:\/\/yaraecosafari.com\/tuiuiu-ave-simbolo-pantanal\/\"]}]},{\"@type\":\"ImageObject\",\"inLanguage\":\"pt-BR\",\"@id\":\"https:\/\/yaraecosafari.com\/tuiuiu-ave-simbolo-pantanal\/#primaryimage\",\"url\":\"https:\/\/yaraecosafari.com\/wp-content\/uploads\/2025\/01\/galeria-106.webp\",\"contentUrl\":\"https:\/\/yaraecosafari.com\/wp-content\/uploads\/2025\/01\/galeria-106.webp\",\"width\":1280,\"height\":720,\"caption\":\"Alternativo) Tuiui\u00fa (Jabiru mycteria) no Pantanal, com pesco\u00e7o preto e papo vermelho.\"},{\"@type\":\"BreadcrumbList\",\"@id\":\"https:\/\/yaraecosafari.com\/tuiuiu-ave-simbolo-pantanal\/#breadcrumb\",\"itemListElement\":[{\"@type\":\"ListItem\",\"position\":1,\"name\":\"Home\",\"item\":\"https:\/\/yaraecosafari.com\/en\/\"},{\"@type\":\"ListItem\",\"position\":2,\"name\":\"O Tuiui\u00fa e a Magia do Pantanal\"}]},{\"@type\":\"WebSite\",\"@id\":\"https:\/\/yaraecosafari.com\/en\/#website\",\"url\":\"https:\/\/yaraecosafari.com\/en\/\",\"name\":\"Yara Ecosafari Pantanal\",\"description\":\"\",\"publisher\":{\"@id\":\"https:\/\/yaraecosafari.com\/en\/#organization\"},\"potentialAction\":[{\"@type\":\"SearchAction\",\"target\":{\"@type\":\"EntryPoint\",\"urlTemplate\":\"https:\/\/yaraecosafari.com\/en\/?s={search_term_string}\"},\"query-input\":{\"@type\":\"PropertyValueSpecification\",\"valueRequired\":true,\"valueName\":\"search_term_string\"}}],\"inLanguage\":\"pt-BR\"},{\"@type\":\"Organization\",\"@id\":\"https:\/\/yaraecosafari.com\/en\/#organization\",\"name\":\"Yara Ecosafari Pantanal\",\"url\":\"https:\/\/yaraecosafari.com\/en\/\",\"logo\":{\"@type\":\"ImageObject\",\"inLanguage\":\"pt-BR\",\"@id\":\"https:\/\/yaraecosafari.com\/en\/#\/schema\/logo\/image\/\",\"url\":\"https:\/\/yaraecosafari.com\/wp-content\/uploads\/2024\/12\/logo.webp\",\"contentUrl\":\"https:\/\/yaraecosafari.com\/wp-content\/uploads\/2024\/12\/logo.webp\",\"width\":512,\"height\":172,\"caption\":\"Yara Ecosafari Pantanal\"},\"image\":{\"@id\":\"https:\/\/yaraecosafari.com\/en\/#\/schema\/logo\/image\/\"}},{\"@type\":\"Person\",\"@id\":\"https:\/\/yaraecosafari.com\/en\/#\/schema\/person\/6d9e706b08dff36f70dcdc7454597c12\",\"name\":\"admin-Wilson\",\"image\":{\"@type\":\"ImageObject\",\"inLanguage\":\"pt-BR\",\"@id\":\"https:\/\/yaraecosafari.com\/en\/#\/schema\/person\/image\/\",\"url\":\"https:\/\/secure.gravatar.com\/avatar\/a88bb0027ba54cd13295ed7f81144f9166e5df01cff694d23e96936d53a2207b?s=96&d=mm&r=g\",\"contentUrl\":\"https:\/\/secure.gravatar.com\/avatar\/a88bb0027ba54cd13295ed7f81144f9166e5df01cff694d23e96936d53a2207b?s=96&d=mm&r=g\",\"caption\":\"admin-Wilson\"},\"url\":\"https:\/\/yaraecosafari.com\/pt\/author\/wilson\/\"}]}<\/script>\n<!-- \/ Yoast SEO plugin. -->",
    "yoast_head_json": {
        "title": "O Tuiui\u00fa e a Magia do Pantanal - Yara Ecosafari Pantanal",
        "description": "Descubra as curiosidades do Tuiui\u00fa, a ave s\u00edmbolo do Pantanal. Saiba como v\u00ea-lo em um safari \u00fanico e inesquec\u00edvel.",
        "robots": {
            "index": "index",
            "follow": "follow",
            "max-snippet": "max-snippet:-1",
            "max-image-preview": "max-image-preview:large",
            "max-video-preview": "max-video-preview:-1"
        },
        "canonical": "https:\/\/yaraecosafari.com\/pt\/tuiuiu-ave-simbolo-pantanal\/",
        "og_locale": "pt_BR",
        "og_type": "article",
        "og_title": "O Tuiui\u00fa e a Magia do Pantanal - Yara Ecosafari Pantanal",
        "og_description": "Descubra as curiosidades do Tuiui\u00fa, a ave s\u00edmbolo do Pantanal. Saiba como v\u00ea-lo em um safari \u00fanico e inesquec\u00edvel.",
        "og_url": "https:\/\/yaraecosafari.com\/pt\/tuiuiu-ave-simbolo-pantanal\/",
        "og_site_name": "Yara Ecosafari Pantanal",
        "article_published_time": "2026-03-30T19:44:50+00:00",
        "article_modified_time": "2026-03-30T19:44:52+00:00",
        "og_image": [
            {
                "width": 1280,
                "height": 720,
                "url": "https:\/\/yaraecosafari.com\/wp-content\/uploads\/2025\/01\/galeria-106.webp",
                "type": "image\/webp"
            }
        ],
        "author": "admin-Wilson",
        "twitter_card": "summary_large_image",
        "twitter_misc": {
            "Escrito por": "admin-Wilson",
            "Est. tempo de leitura": "5 minutos"
        },
        "schema": {
            "@context": "https:\/\/schema.org",
            "@graph": [
                {
                    "@type": "Article",
                    "@id": "https:\/\/yaraecosafari.com\/tuiuiu-ave-simbolo-pantanal\/#article",
                    "isPartOf": {
                        "@id": "https:\/\/yaraecosafari.com\/tuiuiu-ave-simbolo-pantanal\/"
                    },
                    "author": {
                        "name": "admin-Wilson",
                        "@id": "https:\/\/yaraecosafari.com\/en\/#\/schema\/person\/6d9e706b08dff36f70dcdc7454597c12"
                    },
                    "headline": "O Tuiui\u00fa e a Magia do Pantanal",
                    "datePublished": "2026-03-30T19:44:50+00:00",
                    "dateModified": "2026-03-30T19:44:52+00:00",
                    "mainEntityOfPage": {
                        "@id": "https:\/\/yaraecosafari.com\/tuiuiu-ave-simbolo-pantanal\/"
                    },
                    "wordCount": 795,
                    "commentCount": 0,
                    "publisher": {
                        "@id": "https:\/\/yaraecosafari.com\/en\/#organization"
                    },
                    "image": {
                        "@id": "https:\/\/yaraecosafari.com\/tuiuiu-ave-simbolo-pantanal\/#primaryimage"
                    },
                    "thumbnailUrl": "https:\/\/yaraecosafari.com\/wp-content\/uploads\/2025\/01\/galeria-106.webp",
                    "articleSection": [
                        "Blog",
                        "Fauna e Flora"
                    ],
                    "inLanguage": "pt-BR",
                    "potentialAction": [
                        {
                            "@type": "CommentAction",
                            "name": "Comment",
                            "target": [
                                "https:\/\/yaraecosafari.com\/tuiuiu-ave-simbolo-pantanal\/#respond"
                            ]
                        }
                    ]
                },
                {
                    "@type": "WebPage",
                    "@id": "https:\/\/yaraecosafari.com\/tuiuiu-ave-simbolo-pantanal\/",
                    "url": "https:\/\/yaraecosafari.com\/tuiuiu-ave-simbolo-pantanal\/",
                    "name": "O Tuiui\u00fa e a Magia do Pantanal - Yara Ecosafari Pantanal",
                    "isPartOf": {
                        "@id": "https:\/\/yaraecosafari.com\/en\/#website"
                    },
                    "primaryImageOfPage": {
                        "@id": "https:\/\/yaraecosafari.com\/tuiuiu-ave-simbolo-pantanal\/#primaryimage"
                    },
                    "image": {
                        "@id": "https:\/\/yaraecosafari.com\/tuiuiu-ave-simbolo-pantanal\/#primaryimage"
                    },
                    "thumbnailUrl": "https:\/\/yaraecosafari.com\/wp-content\/uploads\/2025\/01\/galeria-106.webp",
                    "datePublished": "2026-03-30T19:44:50+00:00",
                    "dateModified": "2026-03-30T19:44:52+00:00",
                    "description": "Descubra as curiosidades do Tuiui\u00fa, a ave s\u00edmbolo do Pantanal. Saiba como v\u00ea-lo em um safari \u00fanico e inesquec\u00edvel.",
                    "breadcrumb": {
                        "@id": "https:\/\/yaraecosafari.com\/tuiuiu-ave-simbolo-pantanal\/#breadcrumb"
                    },
                    "inLanguage": "pt-BR",
                    "potentialAction": [
                        {
                            "@type": "ReadAction",
                            "target": [
                                "https:\/\/yaraecosafari.com\/tuiuiu-ave-simbolo-pantanal\/"
                            ]
                        }
                    ]
                },
                {
                    "@type": "ImageObject",
                    "inLanguage": "pt-BR",
                    "@id": "https:\/\/yaraecosafari.com\/tuiuiu-ave-simbolo-pantanal\/#primaryimage",
                    "url": "https:\/\/yaraecosafari.com\/wp-content\/uploads\/2025\/01\/galeria-106.webp",
                    "contentUrl": "https:\/\/yaraecosafari.com\/wp-content\/uploads\/2025\/01\/galeria-106.webp",
                    "width": 1280,
                    "height": 720,
                    "caption": "Alternativo) Tuiui\u00fa (Jabiru mycteria) no Pantanal, com pesco\u00e7o preto e papo vermelho."
                },
                {
                    "@type": "BreadcrumbList",
                    "@id": "https:\/\/yaraecosafari.com\/tuiuiu-ave-simbolo-pantanal\/#breadcrumb",
                    "itemListElement": [
                        {
                            "@type": "ListItem",
                            "position": 1,
                            "name": "Home",
                            "item": "https:\/\/yaraecosafari.com\/en\/"
                        },
                        {
                            "@type": "ListItem",
                            "position": 2,
                            "name": "O Tuiui\u00fa e a Magia do Pantanal"
                        }
                    ]
                },
                {
                    "@type": "WebSite",
                    "@id": "https:\/\/yaraecosafari.com\/en\/#website",
                    "url": "https:\/\/yaraecosafari.com\/en\/",
                    "name": "Yara Ecosafari Pantanal",
                    "description": "",
                    "publisher": {
                        "@id": "https:\/\/yaraecosafari.com\/en\/#organization"
                    },
                    "potentialAction": [
                        {
                            "@type": "SearchAction",
                            "target": {
                                "@type": "EntryPoint",
                                "urlTemplate": "https:\/\/yaraecosafari.com\/en\/?s={search_term_string}"
                            },
                            "query-input": {
                                "@type": "PropertyValueSpecification",
                                "valueRequired": true,
                                "valueName": "search_term_string"
                            }
                        }
                    ],
                    "inLanguage": "pt-BR"
                },
                {
                    "@type": "Organization",
                    "@id": "https:\/\/yaraecosafari.com\/en\/#organization",
                    "name": "Yara Ecosafari Pantanal",
                    "url": "https:\/\/yaraecosafari.com\/en\/",
                    "logo": {
                        "@type": "ImageObject",
                        "inLanguage": "pt-BR",
                        "@id": "https:\/\/yaraecosafari.com\/en\/#\/schema\/logo\/image\/",
                        "url": "https:\/\/yaraecosafari.com\/wp-content\/uploads\/2024\/12\/logo.webp",
                        "contentUrl": "https:\/\/yaraecosafari.com\/wp-content\/uploads\/2024\/12\/logo.webp",
                        "width": 512,
                        "height": 172,
                        "caption": "Yara Ecosafari Pantanal"
                    },
                    "image": {
                        "@id": "https:\/\/yaraecosafari.com\/en\/#\/schema\/logo\/image\/"
                    }
                },
                {
                    "@type": "Person",
                    "@id": "https:\/\/yaraecosafari.com\/en\/#\/schema\/person\/6d9e706b08dff36f70dcdc7454597c12",
                    "name": "admin-Wilson",
                    "image": {
                        "@type": "ImageObject",
                        "inLanguage": "pt-BR",
                        "@id": "https:\/\/yaraecosafari.com\/en\/#\/schema\/person\/image\/",
                        "url": "https:\/\/secure.gravatar.com\/avatar\/a88bb0027ba54cd13295ed7f81144f9166e5df01cff694d23e96936d53a2207b?s=96&d=mm&r=g",
                        "contentUrl": "https:\/\/secure.gravatar.com\/avatar\/a88bb0027ba54cd13295ed7f81144f9166e5df01cff694d23e96936d53a2207b?s=96&d=mm&r=g",
                        "caption": "admin-Wilson"
                    },
                    "url": "https:\/\/yaraecosafari.com\/pt\/author\/wilson\/"
                }
            ]
        }
    },
    "_links": {
        "self": [
            {
                "href": "https:\/\/yaraecosafari.com\/pt\/wp-json\/wp\/v2\/posts\/9308",
                "targetHints": {
                    "allow": [
                        "GET"
                    ]
                }
            }
        ],
        "collection": [
            {
                "href": "https:\/\/yaraecosafari.com\/pt\/wp-json\/wp\/v2\/posts"
            }
        ],
        "about": [
            {
                "href": "https:\/\/yaraecosafari.com\/pt\/wp-json\/wp\/v2\/types\/post"
            }
        ],
        "author": [
            {
                "embeddable": true,
                "href": "https:\/\/yaraecosafari.com\/pt\/wp-json\/wp\/v2\/users\/6"
            }
        ],
        "replies": [
            {
                "embeddable": true,
                "href": "https:\/\/yaraecosafari.com\/pt\/wp-json\/wp\/v2\/comments?post=9308"
            }
        ],
        "version-history": [
            {
                "count": 0,
                "href": "https:\/\/yaraecosafari.com\/pt\/wp-json\/wp\/v2\/posts\/9308\/revisions"
            }
        ],
        "wp:featuredmedia": [
            {
                "embeddable": true,
                "href": "https:\/\/yaraecosafari.com\/pt\/wp-json\/wp\/v2\/media\/1042"
            }
        ],
        "wp:attachment": [
            {
                "href": "https:\/\/yaraecosafari.com\/pt\/wp-json\/wp\/v2\/media?parent=9308"
            }
        ],
        "wp:term": [
            {
                "taxonomy": "category",
                "embeddable": true,
                "href": "https:\/\/yaraecosafari.com\/pt\/wp-json\/wp\/v2\/categories?post=9308"
            },
            {
                "taxonomy": "post_tag",
                "embeddable": true,
                "href": "https:\/\/yaraecosafari.com\/pt\/wp-json\/wp\/v2\/tags?post=9308"
            }
        ],
        "curies": [
            {
                "name": "wp",
                "href": "https:\/\/api.w.org\/{rel}",
                "templated": true
            }
        ]
    }
}