{"id":9356,"date":"2026-03-30T15:33:12","date_gmt":"2026-03-30T18:33:12","guid":{"rendered":"https:\/\/yaraecosafari.com\/?p=9356"},"modified":"2026-03-30T15:33:14","modified_gmt":"2026-03-30T18:33:14","slug":"ferias-laborais-pantanal-bem-estar","status":"publish","type":"post","link":"https:\/\/yaraecosafari.com\/en\/ferias-laborais-pantanal-bem-estar\/","title":{"rendered":"Working vacations: Why is the Pantanal the ideal destination?\u00a0"},"content":{"rendered":"<p>The <strong>working vacations<\/strong> are much more than a right guaranteed by law; they are a vital necessity for maintaining our mental health and creativity. In the fast-paced corporate world, the real challenge is not just to stop working, but to be able to truly disconnect from urban pressures. It is against this backdrop that <strong>Pantanal<\/strong> is the perfect sanctuary for those seeking a deep and regenerating rest.<\/p>\n\n\n\n<p>Unlike busy tourist destinations, the <strong>Pantanal<\/strong> offers a time governed by nature. Here, the alarm clock is replaced by birdsong and deadlines give way to contemplating the sunset. For those who plan their <strong>working vacations<\/strong>, By choosing an immersion itinerary, you're guaranteed to return to your routine with a completely fresh perspective.<\/p>\n\n\n\n<hr class=\"wp-block-separator has-alpha-channel-opacity\"\/>\n\n\n\n<h2 class=\"wp-block-heading\"><strong>Digital Detox in the Pantanal<\/strong><\/h2>\n\n\n\n<figure class=\"wp-block-image aligncenter size-full is-resized\"><img fetchpriority=\"high\" decoding=\"async\" width=\"694\" height=\"520\" src=\"https:\/\/yaraecosafari.com\/wp-content\/uploads\/2025\/10\/barco-02-alta-1.jpg.694x520_default-1.jpg\" alt=\"Grupo de turistas (usando coletes salva-vidas) em um barco navegando por um campo alagado no Pantanal, com \u00e1gua coberta por plantas aqu\u00e1ticas sob um c\u00e9u com nuvens dram\u00e1ticas.\" class=\"wp-image-8839\" style=\"aspect-ratio:1.3346469622331691;width:536px;height:auto\" srcset=\"https:\/\/yaraecosafari.com\/wp-content\/uploads\/2025\/10\/barco-02-alta-1.jpg.694x520_default-1.jpg 694w, https:\/\/yaraecosafari.com\/wp-content\/uploads\/2025\/10\/barco-02-alta-1.jpg.694x520_default-1-300x225.jpg 300w, https:\/\/yaraecosafari.com\/wp-content\/uploads\/2025\/10\/barco-02-alta-1.jpg.694x520_default-1-16x12.jpg 16w\" sizes=\"(max-width: 694px) 100vw, 694px\" \/><figcaption class=\"wp-element-caption\"><sub><sup>The Pantanal adventure: exploring the shallow waters in search of wildlife and unforgettable landscapes.<\/sup><\/sub><\/figcaption><\/figure>\n\n\n\n<p>Digital disconnection is one of the greatest benefits of spending the <strong>working vacations<\/strong> amidst the fauna and flora of Mato Grosso do Sul. At Yara Eco Safari, we promote experiences that encourage guests to put away their cell phones and focus on their binoculars. Whether on a photographic safari or silently observing alligators and macaws, focusing on the present reduces the stress accumulated over months of work.<\/p>\n\n\n\n<hr class=\"wp-block-separator has-alpha-channel-opacity\"\/>\n\n\n\n<h2 class=\"wp-block-heading\"><strong>Why choose the Pantanal South?<\/strong><\/h2>\n\n\n\n<p>The easy logistics of <strong>Pantanal<\/strong> South allows you to enjoy every minute of your rest without the fatigue of exhausting journeys. Mental health institutions often point out that direct contact with preserved areas, such as the ones we visited with the<a href=\"https:\/\/yaraecosafari.com\/en\/\"> Yara Eco Safari<\/a>, It works like a biological reset. According to<a href=\"https:\/\/www.gov.br\/mma\/pt-br\"> Ministry of the Environment<\/a>, ecotourism is one of the most effective tools for human well-being.<\/p>\n\n\n\n<p>Your next <strong>working vacations<\/strong> deserve to be lived with intensity and peace. Don't let rest be just a break in the calendar; turn it into a journey of rediscovery.<\/p>\n\n\n\n<p>Get ready to experience immensity with the<a href=\"https:\/\/yaraecosafari.com\/en\/\"> Yara Eco Safari<\/a> and find out why <strong>Pantanal<\/strong> is the best remedy for everyday fatigue.<\/p>\n\n\n\n<hr class=\"wp-block-separator has-alpha-channel-opacity\"\/>\n\n\n\n<h2 class=\"wp-block-heading\"><strong>Still not familiar with Yara Ecosafari?<\/strong><\/h2>\n\n\n\n<p>Yara eco-safari has tours dedicated to exploring the fauna and flora of the Pantanal, and of course the jaguar is one of the stars of the safari.<\/p>\n\n\n\n<p>Our team combines in-depth knowledge of feline habits with the logistics of a high-standard eco-safari. We ensure that the observation is ethical and effective, without disturbing the wildlife. From planning the best river routes to relaxing in the best comfort and safety.<\/p>\n\n\n\n<p>Yara has specific packages for jaguar sightings, 2 options below:<\/p>\n\n\n\n<p><a href=\"https:\/\/yaraecosafari.com\/en\/ultimate-jaguar-safari\/\">Ultimate Jaguar Bay<\/a> - 6 days of sightseeing<\/p>\n\n\n\n<p><a href=\"https:\/\/yaraecosafari.com\/en\/group-jaguar-bay-outubro-2026\/\">Group Jaguar Bay<\/a> - 4-day tour<\/p>\n\n\n\n<p>The majesty of the jaguar awaits you. Book your experience.<\/p>","protected":false},"excerpt":{"rendered":"<p>As f\u00e9rias laborais s\u00e3o muito mais do que um direito garantido por lei; elas s\u00e3o uma necessidade vital para a manuten\u00e7\u00e3o da nossa sa\u00fade mental e criatividade. No ritmo acelerado do mundo corporativo, o verdadeiro desafio n\u00e3o \u00e9 apenas parar de trabalhar, mas conseguir se desconectar de fato das press\u00f5es urbanas. \u00c9 nesse cen\u00e1rio que [&hellip;]<\/p>\n","protected":false},"author":6,"featured_media":0,"comment_status":"open","ping_status":"open","sticky":false,"template":"","format":"standard","meta":{"_acf_changed":false,"footnotes":""},"categories":[1],"tags":[],"class_list":["post-9356","post","type-post","status-publish","format-standard","hentry","category-blog-pt"],"acf":[],"yoast_head":"<!-- This site is optimized with the Yoast SEO plugin v27.1.1 - https:\/\/yoast.com\/product\/yoast-seo-wordpress\/ -->\n<title>F\u00e9rias laborais: Por que o Pantanal \u00e9 o destino ideal?\u00a0 - Yara Ecosafari Pantanal<\/title>\n<meta name=\"description\" content=\"Transforme suas f\u00e9rias laborais em um ref\u00fagio de paz. Descubra como o Pantanal ajuda a renovar suas energias com a Yara.\" \/>\n<meta name=\"robots\" content=\"index, follow, max-snippet:-1, max-image-preview:large, max-video-preview:-1\" \/>\n<link rel=\"canonical\" href=\"https:\/\/yaraecosafari.com\/en\/ferias-laborais-pantanal-bem-estar\/\" \/>\n<meta property=\"og:locale\" content=\"en_US\" \/>\n<meta property=\"og:type\" content=\"article\" \/>\n<meta property=\"og:title\" content=\"F\u00e9rias laborais: Por que o Pantanal \u00e9 o destino ideal?\u00a0 - Yara Ecosafari Pantanal\" \/>\n<meta property=\"og:description\" content=\"Transforme suas f\u00e9rias laborais em um ref\u00fagio de paz. Descubra como o Pantanal ajuda a renovar suas energias com a Yara.\" \/>\n<meta property=\"og:url\" content=\"https:\/\/yaraecosafari.com\/en\/ferias-laborais-pantanal-bem-estar\/\" \/>\n<meta property=\"og:site_name\" content=\"Yara Ecosafari Pantanal\" \/>\n<meta property=\"article:published_time\" content=\"2026-03-30T18:33:12+00:00\" \/>\n<meta property=\"article:modified_time\" content=\"2026-03-30T18:33:14+00:00\" \/>\n<meta property=\"og:image\" content=\"https:\/\/yaraecosafari.com\/wp-content\/uploads\/2025\/10\/barco-02-alta-1.jpg.694x520_default-1.jpg\" \/>\n\t<meta property=\"og:image:width\" content=\"694\" \/>\n\t<meta property=\"og:image:height\" content=\"520\" \/>\n\t<meta property=\"og:image:type\" content=\"image\/jpeg\" \/>\n<meta name=\"author\" content=\"admin-Wilson\" \/>\n<meta name=\"twitter:card\" content=\"summary_large_image\" \/>\n<meta name=\"twitter:label1\" content=\"Written by\" \/>\n\t<meta name=\"twitter:data1\" content=\"admin-Wilson\" \/>\n\t<meta name=\"twitter:label2\" content=\"Est. reading time\" \/>\n\t<meta name=\"twitter:data2\" content=\"3 minutes\" \/>\n<script type=\"application\/ld+json\" class=\"yoast-schema-graph\">{\"@context\":\"https:\/\/schema.org\",\"@graph\":[{\"@type\":\"Article\",\"@id\":\"https:\/\/yaraecosafari.com\/ferias-laborais-pantanal-bem-estar\/#article\",\"isPartOf\":{\"@id\":\"https:\/\/yaraecosafari.com\/ferias-laborais-pantanal-bem-estar\/\"},\"author\":{\"name\":\"admin-Wilson\",\"@id\":\"https:\/\/yaraecosafari.com\/en\/#\/schema\/person\/6d9e706b08dff36f70dcdc7454597c12\"},\"headline\":\"F\u00e9rias laborais: Por que o Pantanal \u00e9 o destino ideal?\u00a0\",\"datePublished\":\"2026-03-30T18:33:12+00:00\",\"dateModified\":\"2026-03-30T18:33:14+00:00\",\"mainEntityOfPage\":{\"@id\":\"https:\/\/yaraecosafari.com\/ferias-laborais-pantanal-bem-estar\/\"},\"wordCount\":505,\"commentCount\":0,\"publisher\":{\"@id\":\"https:\/\/yaraecosafari.com\/en\/#organization\"},\"image\":{\"@id\":\"https:\/\/yaraecosafari.com\/ferias-laborais-pantanal-bem-estar\/#primaryimage\"},\"thumbnailUrl\":\"https:\/\/yaraecosafari.com\/wp-content\/uploads\/2025\/10\/barco-02-alta-1.jpg.694x520_default-1.jpg\",\"articleSection\":[\"Blog\"],\"inLanguage\":\"en-US\",\"potentialAction\":[{\"@type\":\"CommentAction\",\"name\":\"Comment\",\"target\":[\"https:\/\/yaraecosafari.com\/ferias-laborais-pantanal-bem-estar\/#respond\"]}]},{\"@type\":\"WebPage\",\"@id\":\"https:\/\/yaraecosafari.com\/ferias-laborais-pantanal-bem-estar\/\",\"url\":\"https:\/\/yaraecosafari.com\/ferias-laborais-pantanal-bem-estar\/\",\"name\":\"F\u00e9rias laborais: Por que o Pantanal \u00e9 o destino ideal?\u00a0 - Yara Ecosafari Pantanal\",\"isPartOf\":{\"@id\":\"https:\/\/yaraecosafari.com\/en\/#website\"},\"primaryImageOfPage\":{\"@id\":\"https:\/\/yaraecosafari.com\/ferias-laborais-pantanal-bem-estar\/#primaryimage\"},\"image\":{\"@id\":\"https:\/\/yaraecosafari.com\/ferias-laborais-pantanal-bem-estar\/#primaryimage\"},\"thumbnailUrl\":\"https:\/\/yaraecosafari.com\/wp-content\/uploads\/2025\/10\/barco-02-alta-1.jpg.694x520_default-1.jpg\",\"datePublished\":\"2026-03-30T18:33:12+00:00\",\"dateModified\":\"2026-03-30T18:33:14+00:00\",\"description\":\"Transforme suas f\u00e9rias laborais em um ref\u00fagio de paz. Descubra como o Pantanal ajuda a renovar suas energias com a Yara.\",\"breadcrumb\":{\"@id\":\"https:\/\/yaraecosafari.com\/ferias-laborais-pantanal-bem-estar\/#breadcrumb\"},\"inLanguage\":\"en-US\",\"potentialAction\":[{\"@type\":\"ReadAction\",\"target\":[\"https:\/\/yaraecosafari.com\/ferias-laborais-pantanal-bem-estar\/\"]}]},{\"@type\":\"ImageObject\",\"inLanguage\":\"en-US\",\"@id\":\"https:\/\/yaraecosafari.com\/ferias-laborais-pantanal-bem-estar\/#primaryimage\",\"url\":\"https:\/\/yaraecosafari.com\/wp-content\/uploads\/2025\/10\/barco-02-alta-1.jpg.694x520_default-1.jpg\",\"contentUrl\":\"https:\/\/yaraecosafari.com\/wp-content\/uploads\/2025\/10\/barco-02-alta-1.jpg.694x520_default-1.jpg\"},{\"@type\":\"BreadcrumbList\",\"@id\":\"https:\/\/yaraecosafari.com\/ferias-laborais-pantanal-bem-estar\/#breadcrumb\",\"itemListElement\":[{\"@type\":\"ListItem\",\"position\":1,\"name\":\"Home\",\"item\":\"https:\/\/yaraecosafari.com\/en\/\"},{\"@type\":\"ListItem\",\"position\":2,\"name\":\"F\u00e9rias laborais: Por que o Pantanal \u00e9 o destino ideal?\u00a0\"}]},{\"@type\":\"WebSite\",\"@id\":\"https:\/\/yaraecosafari.com\/en\/#website\",\"url\":\"https:\/\/yaraecosafari.com\/en\/\",\"name\":\"Yara Ecosafari Pantanal\",\"description\":\"\",\"publisher\":{\"@id\":\"https:\/\/yaraecosafari.com\/en\/#organization\"},\"potentialAction\":[{\"@type\":\"SearchAction\",\"target\":{\"@type\":\"EntryPoint\",\"urlTemplate\":\"https:\/\/yaraecosafari.com\/en\/?s={search_term_string}\"},\"query-input\":{\"@type\":\"PropertyValueSpecification\",\"valueRequired\":true,\"valueName\":\"search_term_string\"}}],\"inLanguage\":\"en-US\"},{\"@type\":\"Organization\",\"@id\":\"https:\/\/yaraecosafari.com\/en\/#organization\",\"name\":\"Yara Ecosafari Pantanal\",\"url\":\"https:\/\/yaraecosafari.com\/en\/\",\"logo\":{\"@type\":\"ImageObject\",\"inLanguage\":\"en-US\",\"@id\":\"https:\/\/yaraecosafari.com\/en\/#\/schema\/logo\/image\/\",\"url\":\"https:\/\/yaraecosafari.com\/wp-content\/uploads\/2024\/12\/logo.webp\",\"contentUrl\":\"https:\/\/yaraecosafari.com\/wp-content\/uploads\/2024\/12\/logo.webp\",\"width\":512,\"height\":172,\"caption\":\"Yara Ecosafari Pantanal\"},\"image\":{\"@id\":\"https:\/\/yaraecosafari.com\/en\/#\/schema\/logo\/image\/\"}},{\"@type\":\"Person\",\"@id\":\"https:\/\/yaraecosafari.com\/en\/#\/schema\/person\/6d9e706b08dff36f70dcdc7454597c12\",\"name\":\"admin-Wilson\",\"image\":{\"@type\":\"ImageObject\",\"inLanguage\":\"en-US\",\"@id\":\"https:\/\/yaraecosafari.com\/en\/#\/schema\/person\/image\/\",\"url\":\"https:\/\/secure.gravatar.com\/avatar\/a88bb0027ba54cd13295ed7f81144f9166e5df01cff694d23e96936d53a2207b?s=96&d=mm&r=g\",\"contentUrl\":\"https:\/\/secure.gravatar.com\/avatar\/a88bb0027ba54cd13295ed7f81144f9166e5df01cff694d23e96936d53a2207b?s=96&d=mm&r=g\",\"caption\":\"admin-Wilson\"},\"url\":\"https:\/\/yaraecosafari.com\/en\/author\/wilson\/\"}]}<\/script>\n<!-- \/ Yoast SEO plugin. -->","yoast_head_json":{"title":"F\u00e9rias laborais: Por que o Pantanal \u00e9 o destino ideal?\u00a0 - Yara Ecosafari Pantanal","description":"Transforme suas f\u00e9rias laborais em um ref\u00fagio de paz. Descubra como o Pantanal ajuda a renovar suas energias com a Yara.","robots":{"index":"index","follow":"follow","max-snippet":"max-snippet:-1","max-image-preview":"max-image-preview:large","max-video-preview":"max-video-preview:-1"},"canonical":"https:\/\/yaraecosafari.com\/en\/ferias-laborais-pantanal-bem-estar\/","og_locale":"en_US","og_type":"article","og_title":"F\u00e9rias laborais: Por que o Pantanal \u00e9 o destino ideal?\u00a0 - Yara Ecosafari Pantanal","og_description":"Transforme suas f\u00e9rias laborais em um ref\u00fagio de paz. Descubra como o Pantanal ajuda a renovar suas energias com a Yara.","og_url":"https:\/\/yaraecosafari.com\/en\/ferias-laborais-pantanal-bem-estar\/","og_site_name":"Yara Ecosafari Pantanal","article_published_time":"2026-03-30T18:33:12+00:00","article_modified_time":"2026-03-30T18:33:14+00:00","og_image":[{"width":694,"height":520,"url":"https:\/\/yaraecosafari.com\/wp-content\/uploads\/2025\/10\/barco-02-alta-1.jpg.694x520_default-1.jpg","type":"image\/jpeg"}],"author":"admin-Wilson","twitter_card":"summary_large_image","twitter_misc":{"Written by":"admin-Wilson","Est. reading time":"3 minutes"},"schema":{"@context":"https:\/\/schema.org","@graph":[{"@type":"Article","@id":"https:\/\/yaraecosafari.com\/ferias-laborais-pantanal-bem-estar\/#article","isPartOf":{"@id":"https:\/\/yaraecosafari.com\/ferias-laborais-pantanal-bem-estar\/"},"author":{"name":"admin-Wilson","@id":"https:\/\/yaraecosafari.com\/en\/#\/schema\/person\/6d9e706b08dff36f70dcdc7454597c12"},"headline":"F\u00e9rias laborais: Por que o Pantanal \u00e9 o destino ideal?\u00a0","datePublished":"2026-03-30T18:33:12+00:00","dateModified":"2026-03-30T18:33:14+00:00","mainEntityOfPage":{"@id":"https:\/\/yaraecosafari.com\/ferias-laborais-pantanal-bem-estar\/"},"wordCount":505,"commentCount":0,"publisher":{"@id":"https:\/\/yaraecosafari.com\/en\/#organization"},"image":{"@id":"https:\/\/yaraecosafari.com\/ferias-laborais-pantanal-bem-estar\/#primaryimage"},"thumbnailUrl":"https:\/\/yaraecosafari.com\/wp-content\/uploads\/2025\/10\/barco-02-alta-1.jpg.694x520_default-1.jpg","articleSection":["Blog"],"inLanguage":"en-US","potentialAction":[{"@type":"CommentAction","name":"Comment","target":["https:\/\/yaraecosafari.com\/ferias-laborais-pantanal-bem-estar\/#respond"]}]},{"@type":"WebPage","@id":"https:\/\/yaraecosafari.com\/ferias-laborais-pantanal-bem-estar\/","url":"https:\/\/yaraecosafari.com\/ferias-laborais-pantanal-bem-estar\/","name":"F\u00e9rias laborais: Por que o Pantanal \u00e9 o destino ideal?\u00a0 - Yara Ecosafari Pantanal","isPartOf":{"@id":"https:\/\/yaraecosafari.com\/en\/#website"},"primaryImageOfPage":{"@id":"https:\/\/yaraecosafari.com\/ferias-laborais-pantanal-bem-estar\/#primaryimage"},"image":{"@id":"https:\/\/yaraecosafari.com\/ferias-laborais-pantanal-bem-estar\/#primaryimage"},"thumbnailUrl":"https:\/\/yaraecosafari.com\/wp-content\/uploads\/2025\/10\/barco-02-alta-1.jpg.694x520_default-1.jpg","datePublished":"2026-03-30T18:33:12+00:00","dateModified":"2026-03-30T18:33:14+00:00","description":"Transforme suas f\u00e9rias laborais em um ref\u00fagio de paz. Descubra como o Pantanal ajuda a renovar suas energias com a Yara.","breadcrumb":{"@id":"https:\/\/yaraecosafari.com\/ferias-laborais-pantanal-bem-estar\/#breadcrumb"},"inLanguage":"en-US","potentialAction":[{"@type":"ReadAction","target":["https:\/\/yaraecosafari.com\/ferias-laborais-pantanal-bem-estar\/"]}]},{"@type":"ImageObject","inLanguage":"en-US","@id":"https:\/\/yaraecosafari.com\/ferias-laborais-pantanal-bem-estar\/#primaryimage","url":"https:\/\/yaraecosafari.com\/wp-content\/uploads\/2025\/10\/barco-02-alta-1.jpg.694x520_default-1.jpg","contentUrl":"https:\/\/yaraecosafari.com\/wp-content\/uploads\/2025\/10\/barco-02-alta-1.jpg.694x520_default-1.jpg"},{"@type":"BreadcrumbList","@id":"https:\/\/yaraecosafari.com\/ferias-laborais-pantanal-bem-estar\/#breadcrumb","itemListElement":[{"@type":"ListItem","position":1,"name":"Home","item":"https:\/\/yaraecosafari.com\/en\/"},{"@type":"ListItem","position":2,"name":"F\u00e9rias laborais: Por que o Pantanal \u00e9 o destino ideal?\u00a0"}]},{"@type":"WebSite","@id":"https:\/\/yaraecosafari.com\/en\/#website","url":"https:\/\/yaraecosafari.com\/en\/","name":"Yara Ecosafari Pantanal","description":"","publisher":{"@id":"https:\/\/yaraecosafari.com\/en\/#organization"},"potentialAction":[{"@type":"SearchAction","target":{"@type":"EntryPoint","urlTemplate":"https:\/\/yaraecosafari.com\/en\/?s={search_term_string}"},"query-input":{"@type":"PropertyValueSpecification","valueRequired":true,"valueName":"search_term_string"}}],"inLanguage":"en-US"},{"@type":"Organization","@id":"https:\/\/yaraecosafari.com\/en\/#organization","name":"Yara Ecosafari Pantanal","url":"https:\/\/yaraecosafari.com\/en\/","logo":{"@type":"ImageObject","inLanguage":"en-US","@id":"https:\/\/yaraecosafari.com\/en\/#\/schema\/logo\/image\/","url":"https:\/\/yaraecosafari.com\/wp-content\/uploads\/2024\/12\/logo.webp","contentUrl":"https:\/\/yaraecosafari.com\/wp-content\/uploads\/2024\/12\/logo.webp","width":512,"height":172,"caption":"Yara Ecosafari Pantanal"},"image":{"@id":"https:\/\/yaraecosafari.com\/en\/#\/schema\/logo\/image\/"}},{"@type":"Person","@id":"https:\/\/yaraecosafari.com\/en\/#\/schema\/person\/6d9e706b08dff36f70dcdc7454597c12","name":"admin-Wilson","image":{"@type":"ImageObject","inLanguage":"en-US","@id":"https:\/\/yaraecosafari.com\/en\/#\/schema\/person\/image\/","url":"https:\/\/secure.gravatar.com\/avatar\/a88bb0027ba54cd13295ed7f81144f9166e5df01cff694d23e96936d53a2207b?s=96&d=mm&r=g","contentUrl":"https:\/\/secure.gravatar.com\/avatar\/a88bb0027ba54cd13295ed7f81144f9166e5df01cff694d23e96936d53a2207b?s=96&d=mm&r=g","caption":"admin-Wilson"},"url":"https:\/\/yaraecosafari.com\/en\/author\/wilson\/"}]}},"_links":{"self":[{"href":"https:\/\/yaraecosafari.com\/en\/wp-json\/wp\/v2\/posts\/9356","targetHints":{"allow":["GET"]}}],"collection":[{"href":"https:\/\/yaraecosafari.com\/en\/wp-json\/wp\/v2\/posts"}],"about":[{"href":"https:\/\/yaraecosafari.com\/en\/wp-json\/wp\/v2\/types\/post"}],"author":[{"embeddable":true,"href":"https:\/\/yaraecosafari.com\/en\/wp-json\/wp\/v2\/users\/6"}],"replies":[{"embeddable":true,"href":"https:\/\/yaraecosafari.com\/en\/wp-json\/wp\/v2\/comments?post=9356"}],"version-history":[{"count":0,"href":"https:\/\/yaraecosafari.com\/en\/wp-json\/wp\/v2\/posts\/9356\/revisions"}],"wp:attachment":[{"href":"https:\/\/yaraecosafari.com\/en\/wp-json\/wp\/v2\/media?parent=9356"}],"wp:term":[{"taxonomy":"category","embeddable":true,"href":"https:\/\/yaraecosafari.com\/en\/wp-json\/wp\/v2\/categories?post=9356"},{"taxonomy":"post_tag","embeddable":true,"href":"https:\/\/yaraecosafari.com\/en\/wp-json\/wp\/v2\/tags?post=9356"}],"curies":[{"name":"wp","href":"https:\/\/api.w.org\/{rel}","templated":true}]}}