{"id":9356,"date":"2026-03-30T15:33:12","date_gmt":"2026-03-30T18:33:12","guid":{"rendered":"https:\/\/yaraecosafari.com\/?p=9356"},"modified":"2026-03-30T15:33:14","modified_gmt":"2026-03-30T18:33:14","slug":"ferias-laborais-pantanal-bem-estar","status":"publish","type":"post","link":"https:\/\/yaraecosafari.com\/de\/ferias-laborais-pantanal-bem-estar\/","title":{"rendered":"Arbeitsurlaub: Warum ist das Pantanal das ideale Reiseziel?\u00a0"},"content":{"rendered":"<p>Die <strong>Arbeitsferien<\/strong> sind weit mehr als ein gesetzlich garantiertes Recht; sie sind eine lebenswichtige Notwendigkeit f\u00fcr die Erhaltung unserer geistigen Gesundheit und Kreativit\u00e4t. In der schnelllebigen Unternehmenswelt besteht die eigentliche Herausforderung nicht nur darin, mit der Arbeit aufzuh\u00f6ren, sondern wirklich vom st\u00e4dtischen Druck abschalten zu k\u00f6nnen. Vor diesem Hintergrund ist die <strong>Pantanal<\/strong> ist der perfekte Zufluchtsort f\u00fcr alle, die eine tiefe und regenerierende Erholung suchen.<\/p>\n\n\n\n<p>Im Gegensatz zu stark frequentierten Touristenzielen ist die <strong>Pantanal<\/strong> bietet eine Zeit, die von der Natur bestimmt wird. Hier wird der Wecker durch Vogelgezwitscher ersetzt, und die Termine weichen der Betrachtung des Sonnenuntergangs. F\u00fcr diejenigen, die ihre <strong>Arbeitsferien<\/strong>, Wenn Sie sich f\u00fcr ein Immersionsprogramm entscheiden, kehren Sie garantiert mit einer v\u00f6llig neuen Perspektive in Ihren Alltag zur\u00fcck.<\/p>\n\n\n\n<hr class=\"wp-block-separator has-alpha-channel-opacity\"\/>\n\n\n\n<h2 class=\"wp-block-heading\"><strong>Digitale Entgiftung im Pantanal<\/strong><\/h2>\n\n\n\n<figure class=\"wp-block-image aligncenter size-full is-resized\"><img fetchpriority=\"high\" decoding=\"async\" width=\"694\" height=\"520\" src=\"https:\/\/yaraecosafari.com\/wp-content\/uploads\/2025\/10\/barco-02-alta-1.jpg.694x520_default-1.jpg\" alt=\"Grupo de turistas (usando coletes salva-vidas) em um barco navegando por um campo alagado no Pantanal, com \u00e1gua coberta por plantas aqu\u00e1ticas sob um c\u00e9u com nuvens dram\u00e1ticas.\" class=\"wp-image-8839\" style=\"aspect-ratio:1.3346469622331691;width:536px;height:auto\" srcset=\"https:\/\/yaraecosafari.com\/wp-content\/uploads\/2025\/10\/barco-02-alta-1.jpg.694x520_default-1.jpg 694w, https:\/\/yaraecosafari.com\/wp-content\/uploads\/2025\/10\/barco-02-alta-1.jpg.694x520_default-1-300x225.jpg 300w, https:\/\/yaraecosafari.com\/wp-content\/uploads\/2025\/10\/barco-02-alta-1.jpg.694x520_default-1-16x12.jpg 16w\" sizes=\"(max-width: 694px) 100vw, 694px\" \/><figcaption class=\"wp-element-caption\"><sub><sup>Das Pantanal-Abenteuer: Erkundung der seichten Gew\u00e4sser auf der Suche nach Wildtieren und unvergesslichen Landschaften.<\/sup><\/sub><\/figcaption><\/figure>\n\n\n\n<p>Die digitale Entkopplung ist einer der gr\u00f6\u00dften Vorteile, wenn man die <strong>Arbeitsferien<\/strong> inmitten der Fauna und Flora von Mato Grosso do Sul. Bei Yara Eco Safari f\u00f6rdern wir Erlebnisse, die unsere G\u00e4ste dazu ermutigen, ihre Handys wegzulegen und sich auf ihr Fernglas zu konzentrieren. Ob auf einer Fotosafari oder bei der stillen Beobachtung von Alligatoren und Aras - die Konzentration auf die Gegenwart reduziert den Stress, der sich in monatelanger Arbeit angesammelt hat.<\/p>\n\n\n\n<hr class=\"wp-block-separator has-alpha-channel-opacity\"\/>\n\n\n\n<h2 class=\"wp-block-heading\"><strong>Warum das s\u00fcdliche Pantanal?<\/strong><\/h2>\n\n\n\n<p>Die einfache Logistik der <strong>Pantanal<\/strong> Der S\u00fcden erm\u00f6glicht es Ihnen, jede Minute Ihrer Erholung zu genie\u00dfen, ohne die M\u00fcdigkeit anstrengender Fahrten. Einrichtungen f\u00fcr psychische Gesundheit weisen oft darauf hin, dass der direkte Kontakt mit gesch\u00fctzten Gebieten, wie wir sie mit dem<a href=\"https:\/\/yaraecosafari.com\/de\/\"> Yara \u00d6kosafari<\/a>, Es funktioniert wie ein biologischer Reset. Laut<a href=\"https:\/\/www.gov.br\/mma\/pt-br\"> Ministerium f\u00fcr Umwelt<\/a>, Der \u00d6kotourismus ist eines der wirksamsten Instrumente f\u00fcr das menschliche Wohlergehen.<\/p>\n\n\n\n<p>Ihr n\u00e4chster <strong>Arbeitsferien<\/strong> verdienen es, mit Intensit\u00e4t und Frieden gelebt zu werden. Lassen Sie die Ruhe nicht nur eine Pause im Kalender sein, sondern verwandeln Sie sie in eine Reise der Wiederentdeckung.<\/p>\n\n\n\n<p>Machen Sie sich bereit f\u00fcr das Erlebnis der Unermesslichkeit mit dem<a href=\"https:\/\/yaraecosafari.com\/de\/\"> Yara \u00d6kosafari<\/a> und finden Sie heraus, warum <strong>Pantanal<\/strong> ist das beste Mittel gegen die t\u00e4gliche M\u00fcdigkeit.<\/p>\n\n\n\n<hr class=\"wp-block-separator has-alpha-channel-opacity\"\/>\n\n\n\n<h2 class=\"wp-block-heading\"><strong>Sie kennen Yara Ecosafari noch nicht?<\/strong><\/h2>\n\n\n\n<p>Yara Eco-Safari bietet Touren zur Erkundung der Fauna und Flora des Pantanals an, und nat\u00fcrlich ist der Jaguar einer der Stars der Safari.<\/p>\n\n\n\n<p>Unser Team verbindet fundiertes Wissen \u00fcber die Gewohnheiten der Katzen mit der Logistik einer \u00d6ko-Safari auf hohem Niveau. Wir stellen sicher, dass die Beobachtung ethisch und effektiv ist, ohne die Wildtiere zu st\u00f6ren. Von der Planung der besten Flussrouten bis zum Entspannen in bestem Komfort und Sicherheit.<\/p>\n\n\n\n<p>Yara hat spezielle Pakete f\u00fcr Jaguarsichtungen, 2 Optionen unten:<\/p>\n\n\n\n<p><a href=\"https:\/\/yaraecosafari.com\/de\/ultimate-jaguar-safari\/\">Ultimative Jaguar-Bucht<\/a> - 6 Tage Sightseeing<\/p>\n\n\n\n<p><a href=\"https:\/\/yaraecosafari.com\/de\/group-jaguar-bay-outubro-2026\/\">Gruppe Jaguar Bay<\/a> - 4 Tage Sightseeing<\/p>\n\n\n\n<p>Die Majest\u00e4t des Jaguars wartet auf Sie. Buchen Sie Ihr Erlebnis.<\/p>","protected":false},"excerpt":{"rendered":"<p>As f\u00e9rias laborais s\u00e3o muito mais do que um direito garantido por lei; elas s\u00e3o uma necessidade vital para a manuten\u00e7\u00e3o da nossa sa\u00fade mental e criatividade. No ritmo acelerado do mundo corporativo, o verdadeiro desafio n\u00e3o \u00e9 apenas parar de trabalhar, mas conseguir se desconectar de fato das press\u00f5es urbanas. \u00c9 nesse cen\u00e1rio que [&hellip;]<\/p>\n","protected":false},"author":6,"featured_media":0,"comment_status":"open","ping_status":"open","sticky":false,"template":"","format":"standard","meta":{"_acf_changed":false,"footnotes":""},"categories":[1],"tags":[],"class_list":["post-9356","post","type-post","status-publish","format-standard","hentry","category-blog-pt"],"acf":[],"yoast_head":"<!-- This site is optimized with the Yoast SEO plugin v27.1.1 - https:\/\/yoast.com\/product\/yoast-seo-wordpress\/ -->\n<title>F\u00e9rias laborais: Por que o Pantanal \u00e9 o destino ideal?\u00a0 - Yara Ecosafari Pantanal<\/title>\n<meta name=\"description\" content=\"Transforme suas f\u00e9rias laborais em um ref\u00fagio de paz. Descubra como o Pantanal ajuda a renovar suas energias com a Yara.\" \/>\n<meta name=\"robots\" content=\"index, follow, max-snippet:-1, max-image-preview:large, max-video-preview:-1\" \/>\n<link rel=\"canonical\" href=\"https:\/\/yaraecosafari.com\/de\/ferias-laborais-pantanal-bem-estar\/\" \/>\n<meta property=\"og:locale\" content=\"de_DE\" \/>\n<meta property=\"og:type\" content=\"article\" \/>\n<meta property=\"og:title\" content=\"F\u00e9rias laborais: Por que o Pantanal \u00e9 o destino ideal?\u00a0 - Yara Ecosafari Pantanal\" \/>\n<meta property=\"og:description\" content=\"Transforme suas f\u00e9rias laborais em um ref\u00fagio de paz. Descubra como o Pantanal ajuda a renovar suas energias com a Yara.\" \/>\n<meta property=\"og:url\" content=\"https:\/\/yaraecosafari.com\/de\/ferias-laborais-pantanal-bem-estar\/\" \/>\n<meta property=\"og:site_name\" content=\"Yara Ecosafari Pantanal\" \/>\n<meta property=\"article:published_time\" content=\"2026-03-30T18:33:12+00:00\" \/>\n<meta property=\"article:modified_time\" content=\"2026-03-30T18:33:14+00:00\" \/>\n<meta property=\"og:image\" content=\"https:\/\/yaraecosafari.com\/wp-content\/uploads\/2025\/10\/barco-02-alta-1.jpg.694x520_default-1.jpg\" \/>\n\t<meta property=\"og:image:width\" content=\"694\" \/>\n\t<meta property=\"og:image:height\" content=\"520\" \/>\n\t<meta property=\"og:image:type\" content=\"image\/jpeg\" \/>\n<meta name=\"author\" content=\"admin-Wilson\" \/>\n<meta name=\"twitter:card\" content=\"summary_large_image\" \/>\n<meta name=\"twitter:label1\" content=\"Verfasst von\" \/>\n\t<meta name=\"twitter:data1\" content=\"admin-Wilson\" \/>\n\t<meta name=\"twitter:label2\" content=\"Gesch\u00e4tzte Lesezeit\" \/>\n\t<meta name=\"twitter:data2\" content=\"3\u00a0Minuten\" \/>\n<script type=\"application\/ld+json\" class=\"yoast-schema-graph\">{\"@context\":\"https:\/\/schema.org\",\"@graph\":[{\"@type\":\"Article\",\"@id\":\"https:\/\/yaraecosafari.com\/ferias-laborais-pantanal-bem-estar\/#article\",\"isPartOf\":{\"@id\":\"https:\/\/yaraecosafari.com\/ferias-laborais-pantanal-bem-estar\/\"},\"author\":{\"name\":\"admin-Wilson\",\"@id\":\"https:\/\/yaraecosafari.com\/en\/#\/schema\/person\/6d9e706b08dff36f70dcdc7454597c12\"},\"headline\":\"F\u00e9rias laborais: Por que o Pantanal \u00e9 o destino ideal?\u00a0\",\"datePublished\":\"2026-03-30T18:33:12+00:00\",\"dateModified\":\"2026-03-30T18:33:14+00:00\",\"mainEntityOfPage\":{\"@id\":\"https:\/\/yaraecosafari.com\/ferias-laborais-pantanal-bem-estar\/\"},\"wordCount\":505,\"commentCount\":0,\"publisher\":{\"@id\":\"https:\/\/yaraecosafari.com\/en\/#organization\"},\"image\":{\"@id\":\"https:\/\/yaraecosafari.com\/ferias-laborais-pantanal-bem-estar\/#primaryimage\"},\"thumbnailUrl\":\"https:\/\/yaraecosafari.com\/wp-content\/uploads\/2025\/10\/barco-02-alta-1.jpg.694x520_default-1.jpg\",\"articleSection\":[\"Blog\"],\"inLanguage\":\"de\",\"potentialAction\":[{\"@type\":\"CommentAction\",\"name\":\"Comment\",\"target\":[\"https:\/\/yaraecosafari.com\/ferias-laborais-pantanal-bem-estar\/#respond\"]}]},{\"@type\":\"WebPage\",\"@id\":\"https:\/\/yaraecosafari.com\/ferias-laborais-pantanal-bem-estar\/\",\"url\":\"https:\/\/yaraecosafari.com\/ferias-laborais-pantanal-bem-estar\/\",\"name\":\"F\u00e9rias laborais: Por que o Pantanal \u00e9 o destino ideal?\u00a0 - Yara Ecosafari Pantanal\",\"isPartOf\":{\"@id\":\"https:\/\/yaraecosafari.com\/en\/#website\"},\"primaryImageOfPage\":{\"@id\":\"https:\/\/yaraecosafari.com\/ferias-laborais-pantanal-bem-estar\/#primaryimage\"},\"image\":{\"@id\":\"https:\/\/yaraecosafari.com\/ferias-laborais-pantanal-bem-estar\/#primaryimage\"},\"thumbnailUrl\":\"https:\/\/yaraecosafari.com\/wp-content\/uploads\/2025\/10\/barco-02-alta-1.jpg.694x520_default-1.jpg\",\"datePublished\":\"2026-03-30T18:33:12+00:00\",\"dateModified\":\"2026-03-30T18:33:14+00:00\",\"description\":\"Transforme suas f\u00e9rias laborais em um ref\u00fagio de paz. Descubra como o Pantanal ajuda a renovar suas energias com a Yara.\",\"breadcrumb\":{\"@id\":\"https:\/\/yaraecosafari.com\/ferias-laborais-pantanal-bem-estar\/#breadcrumb\"},\"inLanguage\":\"de\",\"potentialAction\":[{\"@type\":\"ReadAction\",\"target\":[\"https:\/\/yaraecosafari.com\/ferias-laborais-pantanal-bem-estar\/\"]}]},{\"@type\":\"ImageObject\",\"inLanguage\":\"de\",\"@id\":\"https:\/\/yaraecosafari.com\/ferias-laborais-pantanal-bem-estar\/#primaryimage\",\"url\":\"https:\/\/yaraecosafari.com\/wp-content\/uploads\/2025\/10\/barco-02-alta-1.jpg.694x520_default-1.jpg\",\"contentUrl\":\"https:\/\/yaraecosafari.com\/wp-content\/uploads\/2025\/10\/barco-02-alta-1.jpg.694x520_default-1.jpg\"},{\"@type\":\"BreadcrumbList\",\"@id\":\"https:\/\/yaraecosafari.com\/ferias-laborais-pantanal-bem-estar\/#breadcrumb\",\"itemListElement\":[{\"@type\":\"ListItem\",\"position\":1,\"name\":\"Home\",\"item\":\"https:\/\/yaraecosafari.com\/en\/\"},{\"@type\":\"ListItem\",\"position\":2,\"name\":\"F\u00e9rias laborais: Por que o Pantanal \u00e9 o destino ideal?\u00a0\"}]},{\"@type\":\"WebSite\",\"@id\":\"https:\/\/yaraecosafari.com\/en\/#website\",\"url\":\"https:\/\/yaraecosafari.com\/en\/\",\"name\":\"Yara Ecosafari Pantanal\",\"description\":\"\",\"publisher\":{\"@id\":\"https:\/\/yaraecosafari.com\/en\/#organization\"},\"potentialAction\":[{\"@type\":\"SearchAction\",\"target\":{\"@type\":\"EntryPoint\",\"urlTemplate\":\"https:\/\/yaraecosafari.com\/en\/?s={search_term_string}\"},\"query-input\":{\"@type\":\"PropertyValueSpecification\",\"valueRequired\":true,\"valueName\":\"search_term_string\"}}],\"inLanguage\":\"de\"},{\"@type\":\"Organization\",\"@id\":\"https:\/\/yaraecosafari.com\/en\/#organization\",\"name\":\"Yara Ecosafari Pantanal\",\"url\":\"https:\/\/yaraecosafari.com\/en\/\",\"logo\":{\"@type\":\"ImageObject\",\"inLanguage\":\"de\",\"@id\":\"https:\/\/yaraecosafari.com\/en\/#\/schema\/logo\/image\/\",\"url\":\"https:\/\/yaraecosafari.com\/wp-content\/uploads\/2024\/12\/logo.webp\",\"contentUrl\":\"https:\/\/yaraecosafari.com\/wp-content\/uploads\/2024\/12\/logo.webp\",\"width\":512,\"height\":172,\"caption\":\"Yara Ecosafari Pantanal\"},\"image\":{\"@id\":\"https:\/\/yaraecosafari.com\/en\/#\/schema\/logo\/image\/\"}},{\"@type\":\"Person\",\"@id\":\"https:\/\/yaraecosafari.com\/en\/#\/schema\/person\/6d9e706b08dff36f70dcdc7454597c12\",\"name\":\"admin-Wilson\",\"image\":{\"@type\":\"ImageObject\",\"inLanguage\":\"de\",\"@id\":\"https:\/\/yaraecosafari.com\/en\/#\/schema\/person\/image\/\",\"url\":\"https:\/\/secure.gravatar.com\/avatar\/a88bb0027ba54cd13295ed7f81144f9166e5df01cff694d23e96936d53a2207b?s=96&d=mm&r=g\",\"contentUrl\":\"https:\/\/secure.gravatar.com\/avatar\/a88bb0027ba54cd13295ed7f81144f9166e5df01cff694d23e96936d53a2207b?s=96&d=mm&r=g\",\"caption\":\"admin-Wilson\"},\"url\":\"https:\/\/yaraecosafari.com\/de\/author\/wilson\/\"}]}<\/script>\n<!-- \/ Yoast SEO plugin. -->","yoast_head_json":{"title":"F\u00e9rias laborais: Por que o Pantanal \u00e9 o destino ideal?\u00a0 - Yara Ecosafari Pantanal","description":"Transforme suas f\u00e9rias laborais em um ref\u00fagio de paz. Descubra como o Pantanal ajuda a renovar suas energias com a Yara.","robots":{"index":"index","follow":"follow","max-snippet":"max-snippet:-1","max-image-preview":"max-image-preview:large","max-video-preview":"max-video-preview:-1"},"canonical":"https:\/\/yaraecosafari.com\/de\/ferias-laborais-pantanal-bem-estar\/","og_locale":"de_DE","og_type":"article","og_title":"F\u00e9rias laborais: Por que o Pantanal \u00e9 o destino ideal?\u00a0 - Yara Ecosafari Pantanal","og_description":"Transforme suas f\u00e9rias laborais em um ref\u00fagio de paz. Descubra como o Pantanal ajuda a renovar suas energias com a Yara.","og_url":"https:\/\/yaraecosafari.com\/de\/ferias-laborais-pantanal-bem-estar\/","og_site_name":"Yara Ecosafari Pantanal","article_published_time":"2026-03-30T18:33:12+00:00","article_modified_time":"2026-03-30T18:33:14+00:00","og_image":[{"width":694,"height":520,"url":"https:\/\/yaraecosafari.com\/wp-content\/uploads\/2025\/10\/barco-02-alta-1.jpg.694x520_default-1.jpg","type":"image\/jpeg"}],"author":"admin-Wilson","twitter_card":"summary_large_image","twitter_misc":{"Verfasst von":"admin-Wilson","Gesch\u00e4tzte Lesezeit":"3\u00a0Minuten"},"schema":{"@context":"https:\/\/schema.org","@graph":[{"@type":"Article","@id":"https:\/\/yaraecosafari.com\/ferias-laborais-pantanal-bem-estar\/#article","isPartOf":{"@id":"https:\/\/yaraecosafari.com\/ferias-laborais-pantanal-bem-estar\/"},"author":{"name":"admin-Wilson","@id":"https:\/\/yaraecosafari.com\/en\/#\/schema\/person\/6d9e706b08dff36f70dcdc7454597c12"},"headline":"F\u00e9rias laborais: Por que o Pantanal \u00e9 o destino ideal?\u00a0","datePublished":"2026-03-30T18:33:12+00:00","dateModified":"2026-03-30T18:33:14+00:00","mainEntityOfPage":{"@id":"https:\/\/yaraecosafari.com\/ferias-laborais-pantanal-bem-estar\/"},"wordCount":505,"commentCount":0,"publisher":{"@id":"https:\/\/yaraecosafari.com\/en\/#organization"},"image":{"@id":"https:\/\/yaraecosafari.com\/ferias-laborais-pantanal-bem-estar\/#primaryimage"},"thumbnailUrl":"https:\/\/yaraecosafari.com\/wp-content\/uploads\/2025\/10\/barco-02-alta-1.jpg.694x520_default-1.jpg","articleSection":["Blog"],"inLanguage":"de","potentialAction":[{"@type":"CommentAction","name":"Comment","target":["https:\/\/yaraecosafari.com\/ferias-laborais-pantanal-bem-estar\/#respond"]}]},{"@type":"WebPage","@id":"https:\/\/yaraecosafari.com\/ferias-laborais-pantanal-bem-estar\/","url":"https:\/\/yaraecosafari.com\/ferias-laborais-pantanal-bem-estar\/","name":"F\u00e9rias laborais: Por que o Pantanal \u00e9 o destino ideal?\u00a0 - Yara Ecosafari Pantanal","isPartOf":{"@id":"https:\/\/yaraecosafari.com\/en\/#website"},"primaryImageOfPage":{"@id":"https:\/\/yaraecosafari.com\/ferias-laborais-pantanal-bem-estar\/#primaryimage"},"image":{"@id":"https:\/\/yaraecosafari.com\/ferias-laborais-pantanal-bem-estar\/#primaryimage"},"thumbnailUrl":"https:\/\/yaraecosafari.com\/wp-content\/uploads\/2025\/10\/barco-02-alta-1.jpg.694x520_default-1.jpg","datePublished":"2026-03-30T18:33:12+00:00","dateModified":"2026-03-30T18:33:14+00:00","description":"Transforme suas f\u00e9rias laborais em um ref\u00fagio de paz. Descubra como o Pantanal ajuda a renovar suas energias com a Yara.","breadcrumb":{"@id":"https:\/\/yaraecosafari.com\/ferias-laborais-pantanal-bem-estar\/#breadcrumb"},"inLanguage":"de","potentialAction":[{"@type":"ReadAction","target":["https:\/\/yaraecosafari.com\/ferias-laborais-pantanal-bem-estar\/"]}]},{"@type":"ImageObject","inLanguage":"de","@id":"https:\/\/yaraecosafari.com\/ferias-laborais-pantanal-bem-estar\/#primaryimage","url":"https:\/\/yaraecosafari.com\/wp-content\/uploads\/2025\/10\/barco-02-alta-1.jpg.694x520_default-1.jpg","contentUrl":"https:\/\/yaraecosafari.com\/wp-content\/uploads\/2025\/10\/barco-02-alta-1.jpg.694x520_default-1.jpg"},{"@type":"BreadcrumbList","@id":"https:\/\/yaraecosafari.com\/ferias-laborais-pantanal-bem-estar\/#breadcrumb","itemListElement":[{"@type":"ListItem","position":1,"name":"Home","item":"https:\/\/yaraecosafari.com\/en\/"},{"@type":"ListItem","position":2,"name":"F\u00e9rias laborais: Por que o Pantanal \u00e9 o destino ideal?\u00a0"}]},{"@type":"WebSite","@id":"https:\/\/yaraecosafari.com\/en\/#website","url":"https:\/\/yaraecosafari.com\/en\/","name":"Yara \u00d6kosafari Pantanal","description":"","publisher":{"@id":"https:\/\/yaraecosafari.com\/en\/#organization"},"potentialAction":[{"@type":"SearchAction","target":{"@type":"EntryPoint","urlTemplate":"https:\/\/yaraecosafari.com\/en\/?s={search_term_string}"},"query-input":{"@type":"PropertyValueSpecification","valueRequired":true,"valueName":"search_term_string"}}],"inLanguage":"de"},{"@type":"Organization","@id":"https:\/\/yaraecosafari.com\/en\/#organization","name":"Yara \u00d6kosafari Pantanal","url":"https:\/\/yaraecosafari.com\/en\/","logo":{"@type":"ImageObject","inLanguage":"de","@id":"https:\/\/yaraecosafari.com\/en\/#\/schema\/logo\/image\/","url":"https:\/\/yaraecosafari.com\/wp-content\/uploads\/2024\/12\/logo.webp","contentUrl":"https:\/\/yaraecosafari.com\/wp-content\/uploads\/2024\/12\/logo.webp","width":512,"height":172,"caption":"Yara Ecosafari Pantanal"},"image":{"@id":"https:\/\/yaraecosafari.com\/en\/#\/schema\/logo\/image\/"}},{"@type":"Person","@id":"https:\/\/yaraecosafari.com\/en\/#\/schema\/person\/6d9e706b08dff36f70dcdc7454597c12","name":"admin-Wilson","image":{"@type":"ImageObject","inLanguage":"de","@id":"https:\/\/yaraecosafari.com\/en\/#\/schema\/person\/image\/","url":"https:\/\/secure.gravatar.com\/avatar\/a88bb0027ba54cd13295ed7f81144f9166e5df01cff694d23e96936d53a2207b?s=96&d=mm&r=g","contentUrl":"https:\/\/secure.gravatar.com\/avatar\/a88bb0027ba54cd13295ed7f81144f9166e5df01cff694d23e96936d53a2207b?s=96&d=mm&r=g","caption":"admin-Wilson"},"url":"https:\/\/yaraecosafari.com\/de\/author\/wilson\/"}]}},"_links":{"self":[{"href":"https:\/\/yaraecosafari.com\/de\/wp-json\/wp\/v2\/posts\/9356","targetHints":{"allow":["GET"]}}],"collection":[{"href":"https:\/\/yaraecosafari.com\/de\/wp-json\/wp\/v2\/posts"}],"about":[{"href":"https:\/\/yaraecosafari.com\/de\/wp-json\/wp\/v2\/types\/post"}],"author":[{"embeddable":true,"href":"https:\/\/yaraecosafari.com\/de\/wp-json\/wp\/v2\/users\/6"}],"replies":[{"embeddable":true,"href":"https:\/\/yaraecosafari.com\/de\/wp-json\/wp\/v2\/comments?post=9356"}],"version-history":[{"count":0,"href":"https:\/\/yaraecosafari.com\/de\/wp-json\/wp\/v2\/posts\/9356\/revisions"}],"wp:attachment":[{"href":"https:\/\/yaraecosafari.com\/de\/wp-json\/wp\/v2\/media?parent=9356"}],"wp:term":[{"taxonomy":"category","embeddable":true,"href":"https:\/\/yaraecosafari.com\/de\/wp-json\/wp\/v2\/categories?post=9356"},{"taxonomy":"post_tag","embeddable":true,"href":"https:\/\/yaraecosafari.com\/de\/wp-json\/wp\/v2\/tags?post=9356"}],"curies":[{"name":"wp","href":"https:\/\/api.w.org\/{rel}","templated":true}]}}